{"id":235451,"date":"2023-01-09T13:05:50","date_gmt":"2023-01-09T17:05:50","guid":{"rendered":"https:\/\/elluchador.info\/web\/?p=235451"},"modified":"2023-01-09T13:05:50","modified_gmt":"2023-01-09T17:05:50","slug":"papa-francisco-dice-que-la-pena-de-muerte-no-puede-ser-justicia-de-estado-en-iran","status":"publish","type":"post","link":"https:\/\/elluchador.info\/?p=235451","title":{"rendered":"Papa Francisco dice que la pena de muerte no puede ser \u00abjusticia de Estado\u00bb en Ir\u00e1n"},"content":{"rendered":"<p>El papa Francisco asegur\u00f3 este lunes que \u00abla pena de muerte no puede ser utilizada para una presunta justicia de Estado\u00bb, tras lamentar lo que est\u00e1 \u00abocurriendo estos d\u00edas en Ir\u00e1n, despu\u00e9s de las recientes manifestaciones que piden un mayor respeto por la dignidad de las mujeres\u00bb.<\/p>\n<p>\u00abLa pena de muerte no puede ser utilizada para una presunta justicia de Estado, puesto que esta no constituye un disuasivo, ni ofrece justicia a las v\u00edctimas, sino que alimenta solamente la sed de venganza\u00bb, dijo en su tradicional discurso de comienzos de a\u00f1o ante el cuerpo diplom\u00e1tico acreditado ante la Santa Sede.<\/p>\n<p>\u00abHago, por tanto, un llamamiento para que la pena de muerte, que es siempre inadmisible pues atenta contra la inviolabilidad y la dignidad de las personas, sea abolida de las legislaciones de todos los pa\u00edses del mundo\u00bb, a\u00f1adi\u00f3.<\/p>\n<p>Ir\u00e1n suma ya 16 condenas a muerte y cuatro ejecuciones en un intento de detener las protestas que sacuden el pa\u00eds desde septiembre pasado, a pesar de los llamamientos internacionales para que anule las sentencias de manifestantes.<\/p>\n<p>Tras la fuerte represi\u00f3n policial que ha provocado cerca de 500 muertes y casi 20.000 detenidos desde la muerte el 16 de septiembre de Mahsa Amini, los tribunales no paran de emitir sentencias en unos juicios calificados como farsas\u00bb e \u00abinjustos\u00bb por Amnist\u00eda Internacional (AI).<\/p>\n<p>La muerte de Amini tras ser detenida por no llevar bien el velo isl\u00e1mico ha desatado unas protestas en las que se pide el fin de la Rep\u00fablica Isl\u00e1mica, protagonizadas por j\u00f3venes y mujeres al grito de \u00abmujer, vida, libertad\u00bb.<\/p>\n<p>Las \u00faltimas tres sentencias a muerte fueron anunciadas este lunes, solo dos d\u00edas despu\u00e9s de la ejecuci\u00f3n de dos presos que provoc\u00f3 fuertes cr\u00edticas internacionales.<\/p>\n<p>Con informaci\u00f3n de EFE.<\/p>\n","protected":false},"excerpt":{"rendered":"<p>El papa Francisco asegur\u00f3 este lunes que \u00abla pena de muerte no puede ser utilizada para una presunta justicia de Estado\u00bb, tras lamentar lo que est\u00e1 \u00abocurriendo estos d\u00edas en Ir\u00e1n, despu\u00e9s de las recientes manifestaciones que piden un mayor respeto por la dignidad de las mujeres\u00bb. \u00abLa pena de muerte no puede ser utilizada [&hellip;]<\/p>\n","protected":false},"author":19,"featured_media":235454,"comment_status":"closed","ping_status":"closed","sticky":false,"template":"","format":"standard","meta":{"footnotes":""},"categories":[8],"tags":[],"class_list":{"0":"post-235451","1":"post","2":"type-post","3":"status-publish","4":"format-standard","5":"has-post-thumbnail","7":"category-internacionales"},"_links":{"self":[{"href":"https:\/\/elluchador.info\/index.php?rest_route=\/wp\/v2\/posts\/235451","targetHints":{"allow":["GET"]}}],"collection":[{"href":"https:\/\/elluchador.info\/index.php?rest_route=\/wp\/v2\/posts"}],"about":[{"href":"https:\/\/elluchador.info\/index.php?rest_route=\/wp\/v2\/types\/post"}],"author":[{"embeddable":true,"href":"https:\/\/elluchador.info\/index.php?rest_route=\/wp\/v2\/users\/19"}],"replies":[{"embeddable":true,"href":"https:\/\/elluchador.info\/index.php?rest_route=%2Fwp%2Fv2%2Fcomments&post=235451"}],"version-history":[{"count":1,"href":"https:\/\/elluchador.info\/index.php?rest_route=\/wp\/v2\/posts\/235451\/revisions"}],"predecessor-version":[{"id":235455,"href":"https:\/\/elluchador.info\/index.php?rest_route=\/wp\/v2\/posts\/235451\/revisions\/235455"}],"wp:featuredmedia":[{"embeddable":true,"href":"https:\/\/elluchador.info\/index.php?rest_route=\/wp\/v2\/media\/235454"}],"wp:attachment":[{"href":"https:\/\/elluchador.info\/index.php?rest_route=%2Fwp%2Fv2%2Fmedia&parent=235451"}],"wp:term":[{"taxonomy":"category","embeddable":true,"href":"https:\/\/elluchador.info\/index.php?rest_route=%2Fwp%2Fv2%2Fcategories&post=235451"},{"taxonomy":"post_tag","embeddable":true,"href":"https:\/\/elluchador.info\/index.php?rest_route=%2Fwp%2Fv2%2Ftags&post=235451"}],"curies":[{"name":"wp","href":"https:\/\/api.w.org\/{rel}","templated":true}]}}