{"id":235503,"date":"2023-01-09T14:14:10","date_gmt":"2023-01-09T18:14:10","guid":{"rendered":"https:\/\/elluchador.info\/web\/?p=235503"},"modified":"2023-01-09T14:14:10","modified_gmt":"2023-01-09T18:14:10","slug":"sebastian-yatra-y-aitana-alimentan-rumores-de-romance","status":"publish","type":"post","link":"https:\/\/elluchador.info\/?p=235503","title":{"rendered":"Sebasti\u00e1n Yatra y Aitana alimentan rumores de romance"},"content":{"rendered":"<p>En medio de los fuertes rumores de un posible amor\u00edo entre los cantantes\u00a0<strong>Sebasti\u00e1n Yatra<\/strong>\u00a0y\u00a0<strong>Aitana Oca\u00f1a<\/strong>, medios de far\u00e1ndula dan por hecho que el colombiano y la espa\u00f1ola mantienen una relaci\u00f3n amorosa.<\/p>\n<p>A mediados de diciembre de 2022, se hizo p\u00fablica la ruptura entre la artista y el actor de la serie<em><strong>\u00a0\u00c9lite<\/strong><\/em>,<strong>\u00a0Miguel Bernardeau<\/strong>, luego de cuatro a\u00f1os juntos, lo que desat\u00f3 r\u00e1pidamente los rumores que inclu\u00edan a\u00a0<strong>Yatra<\/strong>.<\/p>\n<p>Las especulaciones aumentaron cuando se vio al int\u00e9rprete de\u00a0<em><strong>Tacones rojos<\/strong>\u00a0<\/em>dentro del p\u00fablico durante el cierre de la gira de\u00a0<strong>Aitana<\/strong>\u00a0en Madrid, adem\u00e1s, a comienzos de enero de 2023, se les vio junto a varios amigos de paseo en Londres.<\/p>\n<p>Ahora, las periodistas espa\u00f1olas\u00a0<strong>Laura Fa<\/strong>\u00a0y\u00a0<strong>Lorena V\u00e1zquez<\/strong>, revelaron en el primer programa del a\u00f1o en su p\u00f3dcast\u00a0<em><strong>Mamarazzi<\/strong><\/em>\u00a0para el medio\u00a0<em><strong>El peri\u00f3dico<\/strong><\/em>, que la relaci\u00f3n de amistad de los artistas habr\u00eda llegado m\u00e1s all\u00e1.<\/p>\n<p>\u201cPodemos confirmar que Aitana Oca\u00f1a y Sebasti\u00e1n Yatra est\u00e1n juntos. \u00bfNovios? No podemos estar seguros, pero que tienen una relaci\u00f3n s\u00ed\u201d, comentaron las reporteras.<\/p>\n<p>Adem\u00e1s, a\u00f1adieron que la complicidad entre ambos viene de lejos, pues aseguran que S<strong>ebasti\u00e1n Yatra<\/strong>\u00a0y\u00a0<strong>Aitana Oca\u00f1a<\/strong>\u00a0ya hab\u00edan tenido un encuentro en el 2019, cuando la mujer estaba con\u00a0<strong>Miguel Bernardeau<\/strong>.<\/p>\n<p>\u201cTuvieron un apasionado encuentro en una fiesta de Los 40 Principales en Madrid, en 2019. Un rollito, guau. No sabemos c\u00f3mo terminar\u00e1, pero la qu\u00edmica, la f\u00edsica y las matem\u00e1ticas est\u00e1n ah\u00ed entre ellos. Nadie a su alrededor se sorprende de que est\u00e9n juntos\u201d, recalcaron.<\/p>\n<p>Por otra parte, la supuesta parejita ha mostrado una gran compenetraci\u00f3n en los \u00faltimos a\u00f1os en los escenarios y en las redes sociales, por si fuera poco, han trabajado juntos en temas como<strong><em>\u00a0Coraz\u00f3n sin vida<\/em><\/strong>,\u00a0<em><strong>Las dudas<\/strong><\/em>\u00a0o\u00a0<em><strong>Cualquiera menos<\/strong><\/em>.<\/p>\n<p>Hasta el momento, ninguna de las dos partes involucradas ha dado declaraciones referentes al tema para confirmar o desmentir los rumores que los rodean.<\/p>\n<p>Ronda<\/p>\n","protected":false},"excerpt":{"rendered":"<p>En medio de los fuertes rumores de un posible amor\u00edo entre los cantantes\u00a0Sebasti\u00e1n Yatra\u00a0y\u00a0Aitana Oca\u00f1a, medios de far\u00e1ndula dan por hecho que el colombiano y la espa\u00f1ola mantienen una relaci\u00f3n amorosa. A mediados de diciembre de 2022, se hizo p\u00fablica la ruptura entre la artista y el actor de la serie\u00a0\u00c9lite,\u00a0Miguel Bernardeau, luego de cuatro [&hellip;]<\/p>\n","protected":false},"author":19,"featured_media":235504,"comment_status":"closed","ping_status":"closed","sticky":false,"template":"","format":"standard","meta":{"footnotes":""},"categories":[7],"tags":[],"class_list":{"0":"post-235503","1":"post","2":"type-post","3":"status-publish","4":"format-standard","5":"has-post-thumbnail","7":"category-entretenimiento"},"_links":{"self":[{"href":"https:\/\/elluchador.info\/index.php?rest_route=\/wp\/v2\/posts\/235503","targetHints":{"allow":["GET"]}}],"collection":[{"href":"https:\/\/elluchador.info\/index.php?rest_route=\/wp\/v2\/posts"}],"about":[{"href":"https:\/\/elluchador.info\/index.php?rest_route=\/wp\/v2\/types\/post"}],"author":[{"embeddable":true,"href":"https:\/\/elluchador.info\/index.php?rest_route=\/wp\/v2\/users\/19"}],"replies":[{"embeddable":true,"href":"https:\/\/elluchador.info\/index.php?rest_route=%2Fwp%2Fv2%2Fcomments&post=235503"}],"version-history":[{"count":1,"href":"https:\/\/elluchador.info\/index.php?rest_route=\/wp\/v2\/posts\/235503\/revisions"}],"predecessor-version":[{"id":235505,"href":"https:\/\/elluchador.info\/index.php?rest_route=\/wp\/v2\/posts\/235503\/revisions\/235505"}],"wp:featuredmedia":[{"embeddable":true,"href":"https:\/\/elluchador.info\/index.php?rest_route=\/wp\/v2\/media\/235504"}],"wp:attachment":[{"href":"https:\/\/elluchador.info\/index.php?rest_route=%2Fwp%2Fv2%2Fmedia&parent=235503"}],"wp:term":[{"taxonomy":"category","embeddable":true,"href":"https:\/\/elluchador.info\/index.php?rest_route=%2Fwp%2Fv2%2Fcategories&post=235503"},{"taxonomy":"post_tag","embeddable":true,"href":"https:\/\/elluchador.info\/index.php?rest_route=%2Fwp%2Fv2%2Ftags&post=235503"}],"curies":[{"name":"wp","href":"https:\/\/api.w.org\/{rel}","templated":true}]}}