{"id":235509,"date":"2023-01-09T14:30:27","date_gmt":"2023-01-09T18:30:27","guid":{"rendered":"https:\/\/elluchador.info\/web\/?p=235509"},"modified":"2023-01-09T14:30:27","modified_gmt":"2023-01-09T18:30:27","slug":"apple-lanzara-su-casco-de-realidad-virtual-este-otono-boreal","status":"publish","type":"post","link":"https:\/\/elluchador.info\/?p=235509","title":{"rendered":"Apple lanzar\u00e1 su casco de realidad virtual este oto\u00f1o boreal"},"content":{"rendered":"<p>Apple lanzar\u00e1 su casco de realidad aumentada (RA) y realidad virtual (RV) con el nombre de Reality Pro y lo har\u00e1 en el oto\u00f1o boreal de este a\u00f1o, seg\u00fan comparti\u00f3 el analista y periodista de Bloomberg Mark Gurman.<\/p>\n<p>A finales de agosto del a\u00f1o pasado, Bloomberg adelant\u00f3 que el fabricante de iPhone hab\u00eda registrado el nombre de este dispositivo, que previsiblemente ser\u00eda el de Reality One y que utilizar\u00e1 el chip de desarrollo propio M2 con 16 GB de memoria interna.<\/p>\n<p>No obstante, en los documentos a los que tuvo acceso este medio, tambi\u00e9n se encontraban variantes como Reality Processor y Reality Pro. Ahora, este mismo medio confirm\u00f3 que los lentes de realidad virtual y realidad aumentada llevar\u00e1n este \u00faltimo nombre.<\/p>\n<p>Seg\u00fan indic\u00f3 ahora Mark Gurman en su bolet\u00edn Power On, tras siete a\u00f1os desarrollando este dispositivo, la compa\u00f1\u00eda \u201cest\u00e1 casi lista\u201d para lanzar sus primeros cascos de realidad mixta, cuyo lanzamiento ya se ha postergado en varias ocasiones, con la intenci\u00f3n de presentarlo en su evento anual de desarrolladores y lanzarlo finalmente en oto\u00f1o.<\/p>\n<p>Apple ya habr\u00eda compartido este visor con algunos desarrolladores de software cualificados para probarlo, de modo que han podido trabajar con aplicaciones de terceros para incorporarlas en el visor, cuyo sistema operativo, que internamente se conoce como Borealis, se llamar\u00e1 finalmente xrOS.<\/p>\n<p>Gurman matiz\u00f3 que Apple \u201ctodav\u00eda tiene muchos problemas que resolver con el dispositivo, que involucran hardware, software y servicios\u201d. Asimismo, el analista subray\u00f3 que tambi\u00e9n debe plantearse c\u00f3mo comercializarlo y venderlo.<\/p>\n<p>En este sentido, coincidi\u00f3 con el tambi\u00e9n analista Ming Chi-Kuo, que se\u00f1al\u00f3 a principios de diciembre de 2022 que este visor de RM de Apple se retrasar\u00eda debido a \u201cdificultades relacionadas con su software\u201d.<\/p>\n<p>Por otra parte, desde Bloomberg a\u00f1aden que para poder enfocarse en este visor, la empresa tuvo que aplazar el desarrollo y lanzamiento de otros de sus proyectos, que \u201cya sufr\u00edan sus propios retrasos y recortes presupuestarios\u201d.<\/p>\n<p>Sumarium<\/p>\n","protected":false},"excerpt":{"rendered":"<p>Apple lanzar\u00e1 su casco de realidad aumentada (RA) y realidad virtual (RV) con el nombre de Reality Pro y lo har\u00e1 en el oto\u00f1o boreal de este a\u00f1o, seg\u00fan comparti\u00f3 el analista y periodista de Bloomberg Mark Gurman. A finales de agosto del a\u00f1o pasado, Bloomberg adelant\u00f3 que el fabricante de iPhone hab\u00eda registrado el [&hellip;]<\/p>\n","protected":false},"author":19,"featured_media":235510,"comment_status":"closed","ping_status":"closed","sticky":false,"template":"","format":"standard","meta":{"footnotes":""},"categories":[14],"tags":[],"class_list":{"0":"post-235509","1":"post","2":"type-post","3":"status-publish","4":"format-standard","5":"has-post-thumbnail","7":"category-tecnologia"},"_links":{"self":[{"href":"https:\/\/elluchador.info\/index.php?rest_route=\/wp\/v2\/posts\/235509","targetHints":{"allow":["GET"]}}],"collection":[{"href":"https:\/\/elluchador.info\/index.php?rest_route=\/wp\/v2\/posts"}],"about":[{"href":"https:\/\/elluchador.info\/index.php?rest_route=\/wp\/v2\/types\/post"}],"author":[{"embeddable":true,"href":"https:\/\/elluchador.info\/index.php?rest_route=\/wp\/v2\/users\/19"}],"replies":[{"embeddable":true,"href":"https:\/\/elluchador.info\/index.php?rest_route=%2Fwp%2Fv2%2Fcomments&post=235509"}],"version-history":[{"count":1,"href":"https:\/\/elluchador.info\/index.php?rest_route=\/wp\/v2\/posts\/235509\/revisions"}],"predecessor-version":[{"id":235511,"href":"https:\/\/elluchador.info\/index.php?rest_route=\/wp\/v2\/posts\/235509\/revisions\/235511"}],"wp:featuredmedia":[{"embeddable":true,"href":"https:\/\/elluchador.info\/index.php?rest_route=\/wp\/v2\/media\/235510"}],"wp:attachment":[{"href":"https:\/\/elluchador.info\/index.php?rest_route=%2Fwp%2Fv2%2Fmedia&parent=235509"}],"wp:term":[{"taxonomy":"category","embeddable":true,"href":"https:\/\/elluchador.info\/index.php?rest_route=%2Fwp%2Fv2%2Fcategories&post=235509"},{"taxonomy":"post_tag","embeddable":true,"href":"https:\/\/elluchador.info\/index.php?rest_route=%2Fwp%2Fv2%2Ftags&post=235509"}],"curies":[{"name":"wp","href":"https:\/\/api.w.org\/{rel}","templated":true}]}}