{"id":235544,"date":"2023-01-09T18:29:47","date_gmt":"2023-01-09T22:29:47","guid":{"rendered":"https:\/\/elluchador.info\/web\/?p=235544"},"modified":"2023-01-09T18:29:47","modified_gmt":"2023-01-09T22:29:47","slug":"el-gobernador-afirmo-que-apuntan-a-la-consolidacion-de-todos-los-servicios","status":"publish","type":"post","link":"https:\/\/elluchador.info\/?p=235544","title":{"rendered":"El Gobernador afirm\u00f3 que apuntan a la consolidaci\u00f3n de todos los servicios\u00a0"},"content":{"rendered":"<p>En la edici\u00f3n N.\u00ba 46 de su programa radial \u201c\u00c1ngel Marcano Hoy\u201d, el gobernador del estado Bol\u00edvar, afirm\u00f3 que el regreso a clases de m\u00e1s de 300 mil estudiantes, demuestra el esfuerzo inquebrantable de las Brigadas Comunitarias Militares para la Educaci\u00f3n (Bricomiles), de la Red de Articulaci\u00f3n y Acci\u00f3n Sociopol\u00edtica (RAAS), de los maestros y maestras, y de las Unidades de Batalla Bol\u00edvar Ch\u00e1vez (Ubch).<\/p>\n<p>\u201cNo vamos a permitir que se imponga la violencia o la confusi\u00f3n en nuestro pueblo, el compromiso es garantizar la paz y el arranque de un a\u00f1o lleno de proyectos, que impulsen el avance, crecimiento y la transformaci\u00f3n del estado Bol\u00edvar, alineados a las pol\u00edticas del presidente Nicol\u00e1s Maduro\u201d.<\/p>\n<p>Marcano enfatiz\u00f3 que para este a\u00f1o tiene como meta, junto con su equipo de trabajo, mantener las supervisiones en planteles educativos para atender y mejorar las infraestructuras, gracias a los acuerdos logrados con industrias p\u00fablicas y privadas,\u00a0 acci\u00f3n que ha generado grandes cambios en la regi\u00f3n.<\/p>\n<p>\u201cSomos un solo gobierno, no tenemos distinci\u00f3n, estamos trabajando por nuestro pueblo, y por recuperar las diferentes \u00e1reas\u201d.<\/p>\n<p><strong>Salud y m\u00e1s atenci\u00f3n\u00a0<\/strong><\/p>\n<p>El mandatario regional hizo \u00e9nfasis en el tema de salud. Destac\u00f3 el invaluable apoyo de la Misi\u00f3n M\u00e9dica Cubana. \u201cEl domingo se realiz\u00f3 un encuentro con nuestros hermanos cubanos, para dar a conocer el balance significativo que obtuvimos, logramos mejorar la calidad de vida de m\u00e1s de 55 mil personas, a trav\u00e9s de 630 mil consultas m\u00e9dicas, y 900 jornadas integrales, entre otras acciones\u201d.<\/p>\n<p>Por su parte, Ad\u00e1n Villavicencio, jefe de la Misi\u00f3n M\u00e9dica Cubana en Bol\u00edvar, agradeci\u00f3 el apoyo recibido por el Gobierno. \u201cDamos gracias por tomarnos en cuenta, avanzamos para que el estado Bol\u00edvar llegue a ser ejemplo en materia de salud, con el establecimiento de varios programas, entre ellos la atenci\u00f3n del pie diab\u00e9tico, que benefici\u00f3 a m\u00e1s de 700 pacientes\u201d.<\/p>\n<p><strong>Masificaci\u00f3n del deporte\u00a0<\/strong><\/p>\n<p>El gobernador, \u00c1ngel Marcano, anunci\u00f3 un nuevo esquema, que ser\u00e1 integrado por el Gobierno de Bol\u00edvar, y por el gremio deportivo, a trav\u00e9s del Instituto de Deportes, (Idebol), junto con las comunidades.<\/p>\n<p>Estableci\u00f3 que todos los viernes en los diferentes municipios, se puedan crear jornadas deportivas para incentivar, tanto a j\u00f3venes,\u00a0 como a adultos, a la pr\u00e1ctica de diferentes disciplinas. Encomend\u00f3 al presidente de Idebol, profesor Omar Goudett, velar por el cumplimiento de esta instrucci\u00f3n.<\/p>\n<p>\u201cDesde esta semana se va a realizar una actividad en nuestros parques, en el CTE Cachamay, y as\u00ed en todos los municipios, vamos a llevar a cabo encuentros de voleibol, atletismo, f\u00fatbol y otras disciplinas. Vamos a darle vida a estos espacios que han sido mejorados para el pueblo, debemos seguir promoviendo el deporte\u201d.<\/p>\n<p>El Gobernador pidi\u00f3 al presidente de Idebol, apoyar a los atletas del estado Bol\u00edvar, y trabajar bajo un cronograma para buscar m\u00faltiples alternativas y beneficios para la generaci\u00f3n de oro, que ha logrado enaltecer a la regi\u00f3n.<\/p>\n<p><strong>\u201cEl Deporte va a la Escuela\u201d<\/strong><\/p>\n<p>El gobernador del estado Bol\u00edvar, conjuntamente con el presidente de Idebol, inform\u00f3 que pr\u00f3ximamente crear\u00e1n un programa, donde se hagan balones, tanto de f\u00fatbol, baloncesto\u00a0 o voleibol para llevar a las instituciones educativas, con el fin de masificar esta \u00e1rea e incentivar a los ni\u00f1os y ni\u00f1as para lograr una potencia deportiva, garantizando las condiciones necesarias.<\/p>\n<p><strong>Prensa Gobernaci\u00f3n de Bol\u00edvar<\/strong><\/p>\n","protected":false},"excerpt":{"rendered":"<p>En la edici\u00f3n N.\u00ba 46 de su programa radial \u201c\u00c1ngel Marcano Hoy\u201d, el gobernador del estado Bol\u00edvar, afirm\u00f3 que el regreso a clases de m\u00e1s de 300 mil estudiantes, demuestra el esfuerzo inquebrantable de las Brigadas Comunitarias Militares para la Educaci\u00f3n (Bricomiles), de la Red de Articulaci\u00f3n y Acci\u00f3n Sociopol\u00edtica (RAAS), de los maestros y [&hellip;]<\/p>\n","protected":false},"author":19,"featured_media":235545,"comment_status":"closed","ping_status":"closed","sticky":false,"template":"","format":"standard","meta":{"footnotes":""},"categories":[12],"tags":[],"class_list":{"0":"post-235544","1":"post","2":"type-post","3":"status-publish","4":"format-standard","5":"has-post-thumbnail","7":"category-regionales"},"_links":{"self":[{"href":"https:\/\/elluchador.info\/index.php?rest_route=\/wp\/v2\/posts\/235544","targetHints":{"allow":["GET"]}}],"collection":[{"href":"https:\/\/elluchador.info\/index.php?rest_route=\/wp\/v2\/posts"}],"about":[{"href":"https:\/\/elluchador.info\/index.php?rest_route=\/wp\/v2\/types\/post"}],"author":[{"embeddable":true,"href":"https:\/\/elluchador.info\/index.php?rest_route=\/wp\/v2\/users\/19"}],"replies":[{"embeddable":true,"href":"https:\/\/elluchador.info\/index.php?rest_route=%2Fwp%2Fv2%2Fcomments&post=235544"}],"version-history":[{"count":1,"href":"https:\/\/elluchador.info\/index.php?rest_route=\/wp\/v2\/posts\/235544\/revisions"}],"predecessor-version":[{"id":235546,"href":"https:\/\/elluchador.info\/index.php?rest_route=\/wp\/v2\/posts\/235544\/revisions\/235546"}],"wp:featuredmedia":[{"embeddable":true,"href":"https:\/\/elluchador.info\/index.php?rest_route=\/wp\/v2\/media\/235545"}],"wp:attachment":[{"href":"https:\/\/elluchador.info\/index.php?rest_route=%2Fwp%2Fv2%2Fmedia&parent=235544"}],"wp:term":[{"taxonomy":"category","embeddable":true,"href":"https:\/\/elluchador.info\/index.php?rest_route=%2Fwp%2Fv2%2Fcategories&post=235544"},{"taxonomy":"post_tag","embeddable":true,"href":"https:\/\/elluchador.info\/index.php?rest_route=%2Fwp%2Fv2%2Ftags&post=235544"}],"curies":[{"name":"wp","href":"https:\/\/api.w.org\/{rel}","templated":true}]}}