{"id":235547,"date":"2023-01-09T18:32:11","date_gmt":"2023-01-09T22:32:11","guid":{"rendered":"https:\/\/elluchador.info\/web\/?p=235547"},"modified":"2023-01-09T18:32:11","modified_gmt":"2023-01-09T22:32:11","slug":"mediana-afluencia-de-alumnos-marco-regreso-a-clases-este-lunes","status":"publish","type":"post","link":"https:\/\/elluchador.info\/?p=235547","title":{"rendered":"Mediana afluencia de alumnos marc\u00f3 regreso a clases este lunes"},"content":{"rendered":"<p>Tal y como estaba previsto de acuerdo al calendario escolar, este lunes 09 se dio el regreso a clases tras el receso por vacaciones decembrinas.<\/p>\n<p>Una mediana asistencia a las aulas marc\u00f3 este inicio de clases, en medio de un contexto en el que la incertidumbre y la gravedad de la crisis econ\u00f3mica hizo que muchos padres tomaran la decisi\u00f3n de no mandar a sus hijos a clases \u201cpor lo menos el primer d\u00eda\u201d.<\/p>\n<p>Desde tempranas horas de la ma\u00f1ana de este lunes, el equipo reporteril del diario El Luchador realiz\u00f3 un recorrido por diferentes planteles de la zona para constatar la situaci\u00f3n.<\/p>\n<p>En instituciones como la Escuela B\u00e1sica Nuestra Se\u00f1ora del Carmen, los docentes se quedaron esperando a los alumnos. El personal acudi\u00f3 al llamado a clases en su totalidad pero los grandes ausentes fueron los estudiantes.<\/p>\n<p>En otros recintos educativos como el Grupo Escolar M\u00e9rida, la asistencia de estudiantes fue muy poca.<\/p>\n<p>Algunos docentes conversaban sobre la situaci\u00f3n concluyendo que era normal que el primer d\u00eda de clases la matr\u00edcula casi nunca es la m\u00e1s alta, y es a mediados de semana cuando todo vuelve a la normalidad.<\/p>\n<p>En otras instituciones como el Liceo Fernando Pe\u00f1alver y la Escuela Agosto M\u00e9ndez, la poca presencia de estudiantes tambi\u00e9n estuvo a la orden del d\u00eda.<\/p>\n<p>\u201cMuchas personas se sumaron al llamado a paro y por eso no hay clases. Otro factor que influye es que despu\u00e9s de estos d\u00edas de vacaciones m\u00e1s el aumento del pasaje se hace dif\u00edcil contar con el dinero para costear los pasajes de los muchachos y este es un problema que se va a ir agudizando. S\u00famale el tema de la alimentaci\u00f3n y toda la situaci\u00f3n que estamos padeciendo en el pa\u00eds\u201d, indic\u00f3 Rosa Chac\u00edn, representante consultada.<\/p>\n<p>Otros representantes, como Jos\u00e9 Pineda, indicaron que \u201cel reclamo que est\u00e1n haciendo hoy los decentes es muy justo, el salario no alcanza y cada vez se hace m\u00e1s dif\u00edcil poder resolver la situaci\u00f3n econ\u00f3mica en los hogares\u201d.<\/p>\n<p>Gledis Bonilla<\/p>\n","protected":false},"excerpt":{"rendered":"<p>Tal y como estaba previsto de acuerdo al calendario escolar, este lunes 09 se dio el regreso a clases tras el receso por vacaciones decembrinas. Una mediana asistencia a las aulas marc\u00f3 este inicio de clases, en medio de un contexto en el que la incertidumbre y la gravedad de la crisis econ\u00f3mica hizo que [&hellip;]<\/p>\n","protected":false},"author":19,"featured_media":235548,"comment_status":"closed","ping_status":"closed","sticky":false,"template":"","format":"standard","meta":{"footnotes":""},"categories":[2],"tags":[],"class_list":{"0":"post-235547","1":"post","2":"type-post","3":"status-publish","4":"format-standard","5":"has-post-thumbnail","7":"category-comunidad"},"_links":{"self":[{"href":"https:\/\/elluchador.info\/index.php?rest_route=\/wp\/v2\/posts\/235547","targetHints":{"allow":["GET"]}}],"collection":[{"href":"https:\/\/elluchador.info\/index.php?rest_route=\/wp\/v2\/posts"}],"about":[{"href":"https:\/\/elluchador.info\/index.php?rest_route=\/wp\/v2\/types\/post"}],"author":[{"embeddable":true,"href":"https:\/\/elluchador.info\/index.php?rest_route=\/wp\/v2\/users\/19"}],"replies":[{"embeddable":true,"href":"https:\/\/elluchador.info\/index.php?rest_route=%2Fwp%2Fv2%2Fcomments&post=235547"}],"version-history":[{"count":1,"href":"https:\/\/elluchador.info\/index.php?rest_route=\/wp\/v2\/posts\/235547\/revisions"}],"predecessor-version":[{"id":235549,"href":"https:\/\/elluchador.info\/index.php?rest_route=\/wp\/v2\/posts\/235547\/revisions\/235549"}],"wp:featuredmedia":[{"embeddable":true,"href":"https:\/\/elluchador.info\/index.php?rest_route=\/wp\/v2\/media\/235548"}],"wp:attachment":[{"href":"https:\/\/elluchador.info\/index.php?rest_route=%2Fwp%2Fv2%2Fmedia&parent=235547"}],"wp:term":[{"taxonomy":"category","embeddable":true,"href":"https:\/\/elluchador.info\/index.php?rest_route=%2Fwp%2Fv2%2Fcategories&post=235547"},{"taxonomy":"post_tag","embeddable":true,"href":"https:\/\/elluchador.info\/index.php?rest_route=%2Fwp%2Fv2%2Ftags&post=235547"}],"curies":[{"name":"wp","href":"https:\/\/api.w.org\/{rel}","templated":true}]}}