{"id":235556,"date":"2023-01-10T09:09:13","date_gmt":"2023-01-10T13:09:13","guid":{"rendered":"https:\/\/elluchador.info\/web\/?p=235556"},"modified":"2023-01-10T09:09:13","modified_gmt":"2023-01-10T13:09:13","slug":"denuncian-plan-secreto-en-el-vaticano-para-forzar-la-dimision-del-papa-francisco","status":"publish","type":"post","link":"https:\/\/elluchador.info\/?p=235556","title":{"rendered":"Denuncian \u00abplan secreto\u00bb en el Vaticano para forzar la dimisi\u00f3n del papa Francisco"},"content":{"rendered":"<p>Tras la muerte de Benedicto XVI, los conservadores del Vaticano estar\u00edan llevando a cabo un \u00abplan secreto\u00bb para someter al papa Francisco a una presi\u00f3n tal que le lleve a dimitir. Al parecer, el objetivo es forzar la salida del pont\u00edfice mediante un estr\u00e9s excesivo, seg\u00fan declar\u00f3 la semana pasada un cardenal italiano al diario La Stampa. \u00abEl plan secreto se formular\u00e1 sobre varios ejes y fases, pero tendr\u00e1 un objetivo: poner el pontificado bajo tal tensi\u00f3n que Francisco tenga que dimitir\u00bb.<\/p>\n<p>\u00abLos opositores a Francisco saben que ahora mismo est\u00e1n en minor\u00eda, que necesitar\u00e1n tiempo tanto para ganar consenso como para debilitar a Bergoglio\u00bb, dijo el cardenal.<\/p>\n<p>Al parecer, los funcionarios m\u00e1s conservadores consideran al sumo pont\u00edfice demasiado liberal en materia de homosexualidad, aborto, la comuni\u00f3n para los divorciados vueltos a casar y el celibato de los sacerdotes. Tal es la sorna dentro de El Vaticano que algunos se refieren al jefe de la Iglesia como un \u00abcomunista\u00bb.<\/p>\n<p>Seg\u00fan el cardenal, algunos de sus enemigos actuar\u00e1n \u00aben la sombra\u00bb, mientras que otros ser\u00e1n m\u00e1s abiertos en sus cr\u00edticas. Entre estos \u00faltimos se encuentra el arzobispo Georg Ganswein, quien durante 19 a\u00f1os fue secretario personal del papa em\u00e9rito Benedicto XVI, y que se ha mostrado muy cr\u00edtico con Francisco en los \u00faltimos d\u00edas.<\/p>\n<p>Sin embargo, en la Santa Sede hay quienes aseguran que no hay muchas posibilidades de que Francisco tire la toalla a corto plazo. \u00abDimitir\u00e1 si ya no es capaz de hacer frente a los retos de su pontificado, pero por ahora sigue adelante\u00bb, indic\u00f3 el cardenal alem\u00e1n Walter Kasper.<\/p>\n<p>\u00abPor el momento no est\u00e1 preparado para dimitir. Es obvio que hay un choque entre progresistas y conservadores, pero hay que mantener el di\u00e1logo entre los distintos puntos de vista\u00bb, agreg\u00f3.<\/p>\n<p>Con informaci\u00f3n \u00a0Actualidad RT.<\/p>\n","protected":false},"excerpt":{"rendered":"<p>Tras la muerte de Benedicto XVI, los conservadores del Vaticano estar\u00edan llevando a cabo un \u00abplan secreto\u00bb para someter al papa Francisco a una presi\u00f3n tal que le lleve a dimitir. Al parecer, el objetivo es forzar la salida del pont\u00edfice mediante un estr\u00e9s excesivo, seg\u00fan declar\u00f3 la semana pasada un cardenal italiano al diario [&hellip;]<\/p>\n","protected":false},"author":19,"featured_media":235557,"comment_status":"closed","ping_status":"closed","sticky":false,"template":"","format":"standard","meta":{"footnotes":""},"categories":[8],"tags":[],"class_list":{"0":"post-235556","1":"post","2":"type-post","3":"status-publish","4":"format-standard","5":"has-post-thumbnail","7":"category-internacionales"},"_links":{"self":[{"href":"https:\/\/elluchador.info\/index.php?rest_route=\/wp\/v2\/posts\/235556","targetHints":{"allow":["GET"]}}],"collection":[{"href":"https:\/\/elluchador.info\/index.php?rest_route=\/wp\/v2\/posts"}],"about":[{"href":"https:\/\/elluchador.info\/index.php?rest_route=\/wp\/v2\/types\/post"}],"author":[{"embeddable":true,"href":"https:\/\/elluchador.info\/index.php?rest_route=\/wp\/v2\/users\/19"}],"replies":[{"embeddable":true,"href":"https:\/\/elluchador.info\/index.php?rest_route=%2Fwp%2Fv2%2Fcomments&post=235556"}],"version-history":[{"count":1,"href":"https:\/\/elluchador.info\/index.php?rest_route=\/wp\/v2\/posts\/235556\/revisions"}],"predecessor-version":[{"id":235558,"href":"https:\/\/elluchador.info\/index.php?rest_route=\/wp\/v2\/posts\/235556\/revisions\/235558"}],"wp:featuredmedia":[{"embeddable":true,"href":"https:\/\/elluchador.info\/index.php?rest_route=\/wp\/v2\/media\/235557"}],"wp:attachment":[{"href":"https:\/\/elluchador.info\/index.php?rest_route=%2Fwp%2Fv2%2Fmedia&parent=235556"}],"wp:term":[{"taxonomy":"category","embeddable":true,"href":"https:\/\/elluchador.info\/index.php?rest_route=%2Fwp%2Fv2%2Fcategories&post=235556"},{"taxonomy":"post_tag","embeddable":true,"href":"https:\/\/elluchador.info\/index.php?rest_route=%2Fwp%2Fv2%2Ftags&post=235556"}],"curies":[{"name":"wp","href":"https:\/\/api.w.org\/{rel}","templated":true}]}}