{"id":235559,"date":"2023-01-10T09:14:31","date_gmt":"2023-01-10T13:14:31","guid":{"rendered":"https:\/\/elluchador.info\/web\/?p=235559"},"modified":"2023-01-10T09:14:31","modified_gmt":"2023-01-10T13:14:31","slug":"europa-y-la-otan-firman-una-nueva-declaracion-para-ampliar-su-cooperacion","status":"publish","type":"post","link":"https:\/\/elluchador.info\/?p=235559","title":{"rendered":"Europa y la OTAN firman una nueva declaraci\u00f3n para ampliar su cooperaci\u00f3n"},"content":{"rendered":"<p>La Uni\u00f3n Europea (UE) y la Organizaci\u00f3n del Tratado del Atl\u00e1ntico Norte (OTAN) firmaron este martes una nueva declaraci\u00f3n conjunta para seguir desarrollando su cooperaci\u00f3n tras las que impulsaron en 2016 y 2018, y que se produce en esta ocasi\u00f3n en el contexto de la guerra de agresi\u00f3n de Rusia en Ucrania.<\/p>\n<p>El secretario general de la OTAN, Jens Stoltenberg, y los presidentes de la Comisi\u00f3n Europea, Ursula von der Leyen, y del Consejo Europeo, Charles Michel, firmaron el documento en la sede de la Alianza Atl\u00e1ntica, en Bruselas.<\/p>\n<p>Las dos partes llevan tiempo trabajando en esta declaraci\u00f3n, que en un principio hab\u00edan planteado tener lista antes de la cumbre de los l\u00edderes de la OTAN que se celebr\u00f3 en Madrid en junio del pasado a\u00f1o.<\/p>\n<p>En Varsovia, en julio de 2016, las dos organizaciones ya esbozaron los \u00e1mbitos para reforzar su colaboraci\u00f3n, a la luz de los retos comunes en el este y el sur, y, en diciembre de ese a\u00f1o, los ministros de Asuntos Exteriores de la OTAN aprobaron una declaraci\u00f3n con 42 medidas comunes para impulsar la cooperaci\u00f3n OTAN-UE.<\/p>\n<p>M\u00e1s adelante, en diciembre de 2017, se a\u00f1adieron otras 32 medidas a ese documento.<\/p>\n<p>La segunda declaraci\u00f3n conjunta entre la UE y la Alianza se impuls\u00f3 el 10 de julio de 2018, y en ella ambas organizaciones acordaron avanzar r\u00e1pidamente en los \u00e1mbitos de la movilidad militar, la lucha contra el terrorismo y el refuerzo de la resiliencia frente a los riesgos qu\u00edmicos, biol\u00f3gicos, radiol\u00f3gicos y nucleares, as\u00ed como en promover la agenda sobre la mujer, la paz y la seguridad.<\/p>\n<p>El secretario general de la Alianza ha subrayado en diversas ocasiones la necesidad de extender la cooperaci\u00f3n a\u00fan m\u00e1s en movilidad militar, la resiliencia ante tecnolog\u00edas emergentes y disruptivas, y el impacto del cambio clim\u00e1tico en la seguridad.<\/p>\n<p>La UE y la OTAN comparten 21 miembros que tienen en com\u00fan los mismos valores y desempe\u00f1an funciones complementarias y de refuerzo en apoyo de la paz y la seguridad internacionales.<\/p>\n<p>El Concepto Estrat\u00e9gico aprobado por la OTAN en 2022 describe a la Uni\u00f3n Europea como un socio \u00fanico y esencial, y aboga por una asociaci\u00f3n estrat\u00e9gica mejorada y reforzada.<\/p>\n<p>Para la OTAN, el refuerzo que la UE est\u00e1 llevando a cabo de sus capacidades de defensa debe ser coherente y complementario a los esfuerzos de la Alianza para evitar duplicaciones innecesarias y contribuir al reparto de cargas entre Europa y Norteam\u00e9rica.<\/p>\n<p>Con informaci\u00f3n de Deutsche Welle.<\/p>\n","protected":false},"excerpt":{"rendered":"<p>La Uni\u00f3n Europea (UE) y la Organizaci\u00f3n del Tratado del Atl\u00e1ntico Norte (OTAN) firmaron este martes una nueva declaraci\u00f3n conjunta para seguir desarrollando su cooperaci\u00f3n tras las que impulsaron en 2016 y 2018, y que se produce en esta ocasi\u00f3n en el contexto de la guerra de agresi\u00f3n de Rusia en Ucrania. El secretario general [&hellip;]<\/p>\n","protected":false},"author":19,"featured_media":235560,"comment_status":"closed","ping_status":"closed","sticky":false,"template":"","format":"standard","meta":{"footnotes":""},"categories":[8],"tags":[],"class_list":{"0":"post-235559","1":"post","2":"type-post","3":"status-publish","4":"format-standard","5":"has-post-thumbnail","7":"category-internacionales"},"_links":{"self":[{"href":"https:\/\/elluchador.info\/index.php?rest_route=\/wp\/v2\/posts\/235559","targetHints":{"allow":["GET"]}}],"collection":[{"href":"https:\/\/elluchador.info\/index.php?rest_route=\/wp\/v2\/posts"}],"about":[{"href":"https:\/\/elluchador.info\/index.php?rest_route=\/wp\/v2\/types\/post"}],"author":[{"embeddable":true,"href":"https:\/\/elluchador.info\/index.php?rest_route=\/wp\/v2\/users\/19"}],"replies":[{"embeddable":true,"href":"https:\/\/elluchador.info\/index.php?rest_route=%2Fwp%2Fv2%2Fcomments&post=235559"}],"version-history":[{"count":1,"href":"https:\/\/elluchador.info\/index.php?rest_route=\/wp\/v2\/posts\/235559\/revisions"}],"predecessor-version":[{"id":235561,"href":"https:\/\/elluchador.info\/index.php?rest_route=\/wp\/v2\/posts\/235559\/revisions\/235561"}],"wp:featuredmedia":[{"embeddable":true,"href":"https:\/\/elluchador.info\/index.php?rest_route=\/wp\/v2\/media\/235560"}],"wp:attachment":[{"href":"https:\/\/elluchador.info\/index.php?rest_route=%2Fwp%2Fv2%2Fmedia&parent=235559"}],"wp:term":[{"taxonomy":"category","embeddable":true,"href":"https:\/\/elluchador.info\/index.php?rest_route=%2Fwp%2Fv2%2Fcategories&post=235559"},{"taxonomy":"post_tag","embeddable":true,"href":"https:\/\/elluchador.info\/index.php?rest_route=%2Fwp%2Fv2%2Ftags&post=235559"}],"curies":[{"name":"wp","href":"https:\/\/api.w.org\/{rel}","templated":true}]}}