{"id":235562,"date":"2023-01-10T09:16:54","date_gmt":"2023-01-10T13:16:54","guid":{"rendered":"https:\/\/elluchador.info\/web\/?p=235562"},"modified":"2023-01-10T09:16:54","modified_gmt":"2023-01-10T13:16:54","slug":"asciende-a-17-los-muertos-por-protestas-violentas-en-peru","status":"publish","type":"post","link":"https:\/\/elluchador.info\/?p=235562","title":{"rendered":"Asciende a 17 los muertos por protestas violentas en Per\u00fa"},"content":{"rendered":"<p>Al menos 17 personas murieron y varias decenas resultaron heridas este lunes en el sureste de Per\u00fa, durante las protestas que piden la salida de la Presidenta Dina Boluarte, elecciones anticipadas y el cierre del Congreso.<\/p>\n<p>El Defensor del Pueblo peruano, confirm\u00f3 este balance de v\u00edctimas mortales, que incluyen a un menor de edad, tras enfrentamientos en las inmediaciones del aeropuerto de Juliaca.<\/p>\n<p>\u201cSolicitamos a las fuerzas del orden hacer un uso legal, necesario y proporcional de la fuerza y exhortamos a la Fiscal\u00eda de Per\u00fa a realizar una investigaci\u00f3n c\u00e9lere que permita esclarecer los hechos\u201d, comunic\u00f3 el organismo.<\/p>\n<p>\u201cNo corresponde a la Polic\u00eda Nacional ni a las Fuerzas Armadas resolver los conflictos que vienen aconteciendo. Es deber del Gobierno central y del Congreso de la Rep\u00fablica encontrar una salida realista, y en un plazo razonable, que devuelva la tranquilidad y la paz al pa\u00eds\u201d, agreg\u00f3 el Defensor del Pueblo.<\/p>\n<p>Con todo, record\u00f3 que el derecho a la protesta es un derecho fundamental si se ejerce de manera pac\u00edfica, ya que por lo contrario se estar\u00edan cometiendo graves delitos. \u201cInvocamos a la poblaci\u00f3n a no realizar hechos de violencia respetando las disposiciones que la autoridad p\u00fablica establezca en el marco de sus competencias\u201d, se puede leer en un comunicado.<\/p>\n<p>El Gobierno Regional de Puno declar\u00f3 tres d\u00edas de luto -desde este martes al jueves- por el balance preliminar de las protestas, \u201cen raz\u00f3n a los tr\u00e1gicos sucesos ocurridos\u201d.<\/p>\n<p>\u201c(Nos) aunamos al dolor de las familias dolientes y (nos) solidarizamos con la poblaci\u00f3n afectada\u201d, reza un decreto que exige investigaciones \u201ccontra los responsables de estos deplorables hechos que enlutan a la regi\u00f3n\u201d.<\/p>\n<p>Anteriormente, congresistas del departamento de Puno emitieron un comunicado conjunto para exigir la renuncia de Boluarte despu\u00e9s de los enfrentamientos registrados en la zona durante el fin de semana en la regi\u00f3n, que dejaron una treintena de personas heridas, entre ellas varios periodistas.<\/p>\n<p>A su vez, el aeropuerto Coronel Alfredo Mend\u00edvil Duarte de Ayacucho tuvo que suspender este lunes de forma temporal sus operaciones \u201ccomo medida de prevenci\u00f3n\u201d ante los enfrentamientos entre manifestantes y efectivos de la Polic\u00eda en la regi\u00f3n.<\/p>\n<p>Con informaci\u00f3n de www.globovision.com<\/p>\n","protected":false},"excerpt":{"rendered":"<p>Al menos 17 personas murieron y varias decenas resultaron heridas este lunes en el sureste de Per\u00fa, durante las protestas que piden la salida de la Presidenta Dina Boluarte, elecciones anticipadas y el cierre del Congreso. El Defensor del Pueblo peruano, confirm\u00f3 este balance de v\u00edctimas mortales, que incluyen a un menor de edad, tras [&hellip;]<\/p>\n","protected":false},"author":19,"featured_media":235563,"comment_status":"closed","ping_status":"closed","sticky":false,"template":"","format":"standard","meta":{"footnotes":""},"categories":[8],"tags":[],"class_list":{"0":"post-235562","1":"post","2":"type-post","3":"status-publish","4":"format-standard","5":"has-post-thumbnail","7":"category-internacionales"},"_links":{"self":[{"href":"https:\/\/elluchador.info\/index.php?rest_route=\/wp\/v2\/posts\/235562","targetHints":{"allow":["GET"]}}],"collection":[{"href":"https:\/\/elluchador.info\/index.php?rest_route=\/wp\/v2\/posts"}],"about":[{"href":"https:\/\/elluchador.info\/index.php?rest_route=\/wp\/v2\/types\/post"}],"author":[{"embeddable":true,"href":"https:\/\/elluchador.info\/index.php?rest_route=\/wp\/v2\/users\/19"}],"replies":[{"embeddable":true,"href":"https:\/\/elluchador.info\/index.php?rest_route=%2Fwp%2Fv2%2Fcomments&post=235562"}],"version-history":[{"count":1,"href":"https:\/\/elluchador.info\/index.php?rest_route=\/wp\/v2\/posts\/235562\/revisions"}],"predecessor-version":[{"id":235564,"href":"https:\/\/elluchador.info\/index.php?rest_route=\/wp\/v2\/posts\/235562\/revisions\/235564"}],"wp:featuredmedia":[{"embeddable":true,"href":"https:\/\/elluchador.info\/index.php?rest_route=\/wp\/v2\/media\/235563"}],"wp:attachment":[{"href":"https:\/\/elluchador.info\/index.php?rest_route=%2Fwp%2Fv2%2Fmedia&parent=235562"}],"wp:term":[{"taxonomy":"category","embeddable":true,"href":"https:\/\/elluchador.info\/index.php?rest_route=%2Fwp%2Fv2%2Fcategories&post=235562"},{"taxonomy":"post_tag","embeddable":true,"href":"https:\/\/elluchador.info\/index.php?rest_route=%2Fwp%2Fv2%2Ftags&post=235562"}],"curies":[{"name":"wp","href":"https:\/\/api.w.org\/{rel}","templated":true}]}}