{"id":235571,"date":"2023-01-10T10:07:16","date_gmt":"2023-01-10T14:07:16","guid":{"rendered":"https:\/\/elluchador.info\/web\/?p=235571"},"modified":"2023-01-10T10:07:16","modified_gmt":"2023-01-10T14:07:16","slug":"gobierno-nombra-una-nueva-junta-directiva-de-pdvsa","status":"publish","type":"post","link":"https:\/\/elluchador.info\/?p=235571","title":{"rendered":"Gobierno nombra una nueva junta directiva de Pdvsa"},"content":{"rendered":"<p>El presidente de Venezuela, Nicol\u00e1s Maduro, nombr\u00f3 una nueva junta directiva de la petrolera estatal Pdvsa, encabezada por el ingeniero mec\u00e1nico Pedro Tellechea como presidente, en sustituci\u00f3n de Asdr\u00fabal Ch\u00e1vez, quien ocup\u00f3 el cargo desde abril de 2020.<\/p>\n<p>El Gobierno public\u00f3 la lista de los nuevos directivos que estar\u00e1n a cargo de la estatal, entre ellos Heifred Segovia, designada como vicepresidenta de Finanzas; G\u00e9nesis Ron, como vicepresidenta de Comercio y Suministro Internacional, y Juan D\u00edaz, como vicepresidente de Comercio y Suministro Nacional.<\/p>\n<p>La junta directiva estar\u00e1 conformada por Erick P\u00e9rez, nombrado como vicepresidente de Exploraci\u00f3n y Producci\u00f3n; Gabriel Oliveros, como vicepresidente de Refinaci\u00f3n; Ronny Romero, como vicepresidente de Asuntos Internacionales; Tovar Villalobos, como vicepresidente de Planificaci\u00f3n e Ingenier\u00eda, y Juan Santana, quien se desempe\u00f1ar\u00e1 como vicepresidente de Gas.<\/p>\n<p>El ministro de Petr\u00f3leo, Tareck El Aissami, ser\u00e1 el encargado de juramentar a la junta directiva, seg\u00fan lo establecido en el decreto, que entra en vigor a partir de su publicaci\u00f3n, este lunes.<\/p>\n<p>Con informaci\u00f3n de EFE.<\/p>\n","protected":false},"excerpt":{"rendered":"<p>El presidente de Venezuela, Nicol\u00e1s Maduro, nombr\u00f3 una nueva junta directiva de la petrolera estatal Pdvsa, encabezada por el ingeniero mec\u00e1nico Pedro Tellechea como presidente, en sustituci\u00f3n de Asdr\u00fabal Ch\u00e1vez, quien ocup\u00f3 el cargo desde abril de 2020. El Gobierno public\u00f3 la lista de los nuevos directivos que estar\u00e1n a cargo de la estatal, entre [&hellip;]<\/p>\n","protected":false},"author":19,"featured_media":235572,"comment_status":"closed","ping_status":"closed","sticky":false,"template":"","format":"standard","meta":{"footnotes":""},"categories":[9],"tags":[],"class_list":{"0":"post-235571","1":"post","2":"type-post","3":"status-publish","4":"format-standard","5":"has-post-thumbnail","7":"category-nacionales"},"_links":{"self":[{"href":"https:\/\/elluchador.info\/index.php?rest_route=\/wp\/v2\/posts\/235571","targetHints":{"allow":["GET"]}}],"collection":[{"href":"https:\/\/elluchador.info\/index.php?rest_route=\/wp\/v2\/posts"}],"about":[{"href":"https:\/\/elluchador.info\/index.php?rest_route=\/wp\/v2\/types\/post"}],"author":[{"embeddable":true,"href":"https:\/\/elluchador.info\/index.php?rest_route=\/wp\/v2\/users\/19"}],"replies":[{"embeddable":true,"href":"https:\/\/elluchador.info\/index.php?rest_route=%2Fwp%2Fv2%2Fcomments&post=235571"}],"version-history":[{"count":1,"href":"https:\/\/elluchador.info\/index.php?rest_route=\/wp\/v2\/posts\/235571\/revisions"}],"predecessor-version":[{"id":235573,"href":"https:\/\/elluchador.info\/index.php?rest_route=\/wp\/v2\/posts\/235571\/revisions\/235573"}],"wp:featuredmedia":[{"embeddable":true,"href":"https:\/\/elluchador.info\/index.php?rest_route=\/wp\/v2\/media\/235572"}],"wp:attachment":[{"href":"https:\/\/elluchador.info\/index.php?rest_route=%2Fwp%2Fv2%2Fmedia&parent=235571"}],"wp:term":[{"taxonomy":"category","embeddable":true,"href":"https:\/\/elluchador.info\/index.php?rest_route=%2Fwp%2Fv2%2Fcategories&post=235571"},{"taxonomy":"post_tag","embeddable":true,"href":"https:\/\/elluchador.info\/index.php?rest_route=%2Fwp%2Fv2%2Ftags&post=235571"}],"curies":[{"name":"wp","href":"https:\/\/api.w.org\/{rel}","templated":true}]}}