{"id":235574,"date":"2023-01-10T10:17:44","date_gmt":"2023-01-10T14:17:44","guid":{"rendered":"https:\/\/elluchador.info\/web\/?p=235574"},"modified":"2023-01-10T10:17:44","modified_gmt":"2023-01-10T14:17:44","slug":"maduro-reitera-su-respaldo-a-lula-ante-ataques-de-la-extrema-derecha","status":"publish","type":"post","link":"https:\/\/elluchador.info\/?p=235574","title":{"rendered":"Maduro reitera su respaldo a Lula ante ataques de la \u00abextrema derecha\u00bb"},"content":{"rendered":"<p>El presidente de Venezuela, Nicol\u00e1s Maduro, reiter\u00f3 este lunes su respaldo al mandatario brasile\u00f1o, Luiz In\u00e1cio Lula da Silva, ante el \u00abasalto a las instituciones p\u00fablicas\u00bb del gigante suramericano ocurrido el domingo por parte de la \u00abextrema derecha\u00bb.<\/p>\n<p>\u00abNosotros, desde aqu\u00ed, (\u2026) enviamos todo nuestro apoyo al presidente de Brasil, Luiz In\u00e1cio Lula da Silva, a la democracia brasile\u00f1a, y repudiamos el asalto a las instituciones p\u00fablicas por parte de los grupos neonazis, neofascistas del bolsonarismo\u00bb, dijo en un acto con la junta directiva del Parlamento, transmitido por el canal estatal VTV.<\/p>\n<p>El jefe de Estado expres\u00f3 que, con estos actos, el mundo vio la \u00abcara verdadera de la extrema derecha proimperialista\u00bb que quiere \u00abasaltar el poder y que no acepta el poder leg\u00edtimo de los votos del pueblo\u00bb ni el de la \u00absoberan\u00eda de los pa\u00edses\u00bb.<\/p>\n<p>Con informaci\u00f3n de unionradio.net.<\/p>\n","protected":false},"excerpt":{"rendered":"<p>El presidente de Venezuela, Nicol\u00e1s Maduro, reiter\u00f3 este lunes su respaldo al mandatario brasile\u00f1o, Luiz In\u00e1cio Lula da Silva, ante el \u00abasalto a las instituciones p\u00fablicas\u00bb del gigante suramericano ocurrido el domingo por parte de la \u00abextrema derecha\u00bb. \u00abNosotros, desde aqu\u00ed, (\u2026) enviamos todo nuestro apoyo al presidente de Brasil, Luiz In\u00e1cio Lula da Silva, [&hellip;]<\/p>\n","protected":false},"author":19,"featured_media":235575,"comment_status":"closed","ping_status":"closed","sticky":false,"template":"","format":"standard","meta":{"footnotes":""},"categories":[9],"tags":[],"class_list":{"0":"post-235574","1":"post","2":"type-post","3":"status-publish","4":"format-standard","5":"has-post-thumbnail","7":"category-nacionales"},"_links":{"self":[{"href":"https:\/\/elluchador.info\/index.php?rest_route=\/wp\/v2\/posts\/235574","targetHints":{"allow":["GET"]}}],"collection":[{"href":"https:\/\/elluchador.info\/index.php?rest_route=\/wp\/v2\/posts"}],"about":[{"href":"https:\/\/elluchador.info\/index.php?rest_route=\/wp\/v2\/types\/post"}],"author":[{"embeddable":true,"href":"https:\/\/elluchador.info\/index.php?rest_route=\/wp\/v2\/users\/19"}],"replies":[{"embeddable":true,"href":"https:\/\/elluchador.info\/index.php?rest_route=%2Fwp%2Fv2%2Fcomments&post=235574"}],"version-history":[{"count":1,"href":"https:\/\/elluchador.info\/index.php?rest_route=\/wp\/v2\/posts\/235574\/revisions"}],"predecessor-version":[{"id":235576,"href":"https:\/\/elluchador.info\/index.php?rest_route=\/wp\/v2\/posts\/235574\/revisions\/235576"}],"wp:featuredmedia":[{"embeddable":true,"href":"https:\/\/elluchador.info\/index.php?rest_route=\/wp\/v2\/media\/235575"}],"wp:attachment":[{"href":"https:\/\/elluchador.info\/index.php?rest_route=%2Fwp%2Fv2%2Fmedia&parent=235574"}],"wp:term":[{"taxonomy":"category","embeddable":true,"href":"https:\/\/elluchador.info\/index.php?rest_route=%2Fwp%2Fv2%2Fcategories&post=235574"},{"taxonomy":"post_tag","embeddable":true,"href":"https:\/\/elluchador.info\/index.php?rest_route=%2Fwp%2Fv2%2Ftags&post=235574"}],"curies":[{"name":"wp","href":"https:\/\/api.w.org\/{rel}","templated":true}]}}