{"id":235580,"date":"2023-01-10T10:27:11","date_gmt":"2023-01-10T14:27:11","guid":{"rendered":"https:\/\/elluchador.info\/web\/?p=235580"},"modified":"2023-01-10T10:27:11","modified_gmt":"2023-01-10T14:27:11","slug":"fiscalia-de-iran-pide-castigar-con-firmeza-a-mujeres-que-no-usen-el-velo","status":"publish","type":"post","link":"https:\/\/elluchador.info\/?p=235580","title":{"rendered":"Fiscal\u00eda de Ir\u00e1n pide castigar con firmeza a mujeres que no usen el velo"},"content":{"rendered":"<p>La Fiscal\u00eda General de Ir\u00e1n llam\u00f3 a la Polic\u00eda a \u201ccastigar con firmeza\u201d las violaciones en el uso del velo isl\u00e1mico por parte de las mujeres, en medio de las protestas desatadas por la muerte de Mahsa Amini tras ser detenida por no llevar bien puesto el hijab.<\/p>\n<p>\u201cEl delito de la falta de uso del velo es uno de los cr\u00edmenes m\u00e1s evidentes y las fuerzas de seguridad est\u00e1n obligadas a implementar las leyes\u201d, indic\u00f3 en un memorando la Fiscal\u00eda General del pa\u00eds, seg\u00fan inform\u00f3 este martes la agencia semioficial Mehr.<\/p>\n<p>La Fiscal\u00eda record\u00f3 que las penas por el no uso del velo oscilan entre los 10 d\u00edas y los dos meses de c\u00e1rcel, pero a\u00f1adi\u00f3 que tambi\u00e9n se puede castigar con otras medidas como \u201cel exilio, la prohibici\u00f3n de trabajar o abandonar el pa\u00eds o la obligaci\u00f3n de realizar servicios p\u00fablicos\u201d, entre otros.<\/p>\n<p>Tambi\u00e9n resalt\u00f3 que \u201canimar\u201d a las mujeres a no usar el velo es un delito \u201cpeor\u201d que la falta de uso de la prenda ya que \u201ces un prominente ejemplo de incitaci\u00f3n a la corrupci\u00f3n\u201d y se debe castigar con entre uno y 10 a\u00f1os de prisi\u00f3n.<\/p>\n<p>Con informaci\u00f3n de EFE.<\/p>\n","protected":false},"excerpt":{"rendered":"<p>La Fiscal\u00eda General de Ir\u00e1n llam\u00f3 a la Polic\u00eda a \u201ccastigar con firmeza\u201d las violaciones en el uso del velo isl\u00e1mico por parte de las mujeres, en medio de las protestas desatadas por la muerte de Mahsa Amini tras ser detenida por no llevar bien puesto el hijab. \u201cEl delito de la falta de uso [&hellip;]<\/p>\n","protected":false},"author":19,"featured_media":235581,"comment_status":"closed","ping_status":"closed","sticky":false,"template":"","format":"standard","meta":{"footnotes":""},"categories":[8],"tags":[],"class_list":{"0":"post-235580","1":"post","2":"type-post","3":"status-publish","4":"format-standard","5":"has-post-thumbnail","7":"category-internacionales"},"_links":{"self":[{"href":"https:\/\/elluchador.info\/index.php?rest_route=\/wp\/v2\/posts\/235580","targetHints":{"allow":["GET"]}}],"collection":[{"href":"https:\/\/elluchador.info\/index.php?rest_route=\/wp\/v2\/posts"}],"about":[{"href":"https:\/\/elluchador.info\/index.php?rest_route=\/wp\/v2\/types\/post"}],"author":[{"embeddable":true,"href":"https:\/\/elluchador.info\/index.php?rest_route=\/wp\/v2\/users\/19"}],"replies":[{"embeddable":true,"href":"https:\/\/elluchador.info\/index.php?rest_route=%2Fwp%2Fv2%2Fcomments&post=235580"}],"version-history":[{"count":1,"href":"https:\/\/elluchador.info\/index.php?rest_route=\/wp\/v2\/posts\/235580\/revisions"}],"predecessor-version":[{"id":235582,"href":"https:\/\/elluchador.info\/index.php?rest_route=\/wp\/v2\/posts\/235580\/revisions\/235582"}],"wp:featuredmedia":[{"embeddable":true,"href":"https:\/\/elluchador.info\/index.php?rest_route=\/wp\/v2\/media\/235581"}],"wp:attachment":[{"href":"https:\/\/elluchador.info\/index.php?rest_route=%2Fwp%2Fv2%2Fmedia&parent=235580"}],"wp:term":[{"taxonomy":"category","embeddable":true,"href":"https:\/\/elluchador.info\/index.php?rest_route=%2Fwp%2Fv2%2Fcategories&post=235580"},{"taxonomy":"post_tag","embeddable":true,"href":"https:\/\/elluchador.info\/index.php?rest_route=%2Fwp%2Fv2%2Ftags&post=235580"}],"curies":[{"name":"wp","href":"https:\/\/api.w.org\/{rel}","templated":true}]}}