{"id":235594,"date":"2023-01-10T11:51:15","date_gmt":"2023-01-10T15:51:15","guid":{"rendered":"https:\/\/elluchador.info\/web\/?p=235594"},"modified":"2023-01-10T11:51:15","modified_gmt":"2023-01-10T15:51:15","slug":"museo-jesus-soto-invita-recordando-a-jesus-soto-a-traves-del-arte","status":"publish","type":"post","link":"https:\/\/elluchador.info\/?p=235594","title":{"rendered":"Museo Jes\u00fas Soto invita: Recordando a Jes\u00fas Soto a trav\u00e9s del arte"},"content":{"rendered":"<p>Este s\u00e1bado 14 de enero se conmemora 18 a\u00f1os de la muerte del artista pl\u00e1stico Jes\u00fas Rafael Soto, y para recordar su vida y obra el Museo de Arte Moderno Jes\u00fas Soto prepar\u00f3 una actividad para los ni\u00f1os de la ciudad.<\/p>\n<p>La convocatoria que lleva por nombre Recordando a Jes\u00fas Soto a trav\u00e9s del arte, permitir\u00e1 a los peque\u00f1os bolivarenses conocer la historia del maestro del cinetismo por parte de los gu\u00edas del Museo, quienes relataran su vida\u00a0 a trav\u00e9s de actividades did\u00e1cticas, as\u00ed como tambi\u00e9n recibir\u00e1n una clase de pintura guiada por el artista Bladimir Galindo, adem\u00e1s\u00a0 podr\u00e1n dibujar caricaturas del maestro Soto con los aliados de Punto Creativo Kids.<\/p>\n<p>Esta conmemoraci\u00f3n\u00a0 que busca a dar a conocer el trabajo del maestro Soto tendr\u00e1 un cierre magistral con la proyecci\u00f3n del cortometraje \u00abEl ni\u00f1o que dibujaba en las paredes\u00bb, realizado por un grupo de ni\u00f1os de un taller de dibujo en el 2015.<\/p>\n<p>La invitaci\u00f3n queda abierta al p\u00fablico en general y en especial a los ni\u00f1os a vivir una experiencia \u00fanica en el museo este s\u00e1bado a las 9:00 a.m. en la biblioteca y corredores del museo.<\/p>\n<p>Esta acci\u00f3n servir\u00e1 de abre boca para las actividades que se tienen preparadas para este 2023 donde se exhibir\u00e1 una nueva exposici\u00f3n del maestro Soto en el museo, gracias al trabajo en conjunto con la Fundaci\u00f3n Jes\u00fas Soto, el Ministerio para el Poder Popular para la Cultura, el Gobernador \u00c1ngel Marcano a trav\u00e9s de la Secretar\u00eda de Cultura siguiendo los lineamientos del Presidente Nicol\u00e1s Maduro de impulsar el arte y la cultura en nuestro pa\u00eds.<\/p>\n<p>Con informaci\u00f3n de @museojesussoto<\/p>\n","protected":false},"excerpt":{"rendered":"<p>Este s\u00e1bado 14 de enero se conmemora 18 a\u00f1os de la muerte del artista pl\u00e1stico Jes\u00fas Rafael Soto, y para recordar su vida y obra el Museo de Arte Moderno Jes\u00fas Soto prepar\u00f3 una actividad para los ni\u00f1os de la ciudad. La convocatoria que lleva por nombre Recordando a Jes\u00fas Soto a trav\u00e9s del arte, [&hellip;]<\/p>\n","protected":false},"author":19,"featured_media":235595,"comment_status":"closed","ping_status":"closed","sticky":false,"template":"","format":"standard","meta":{"footnotes":""},"categories":[12],"tags":[],"class_list":{"0":"post-235594","1":"post","2":"type-post","3":"status-publish","4":"format-standard","5":"has-post-thumbnail","7":"category-regionales"},"_links":{"self":[{"href":"https:\/\/elluchador.info\/index.php?rest_route=\/wp\/v2\/posts\/235594","targetHints":{"allow":["GET"]}}],"collection":[{"href":"https:\/\/elluchador.info\/index.php?rest_route=\/wp\/v2\/posts"}],"about":[{"href":"https:\/\/elluchador.info\/index.php?rest_route=\/wp\/v2\/types\/post"}],"author":[{"embeddable":true,"href":"https:\/\/elluchador.info\/index.php?rest_route=\/wp\/v2\/users\/19"}],"replies":[{"embeddable":true,"href":"https:\/\/elluchador.info\/index.php?rest_route=%2Fwp%2Fv2%2Fcomments&post=235594"}],"version-history":[{"count":1,"href":"https:\/\/elluchador.info\/index.php?rest_route=\/wp\/v2\/posts\/235594\/revisions"}],"predecessor-version":[{"id":235596,"href":"https:\/\/elluchador.info\/index.php?rest_route=\/wp\/v2\/posts\/235594\/revisions\/235596"}],"wp:featuredmedia":[{"embeddable":true,"href":"https:\/\/elluchador.info\/index.php?rest_route=\/wp\/v2\/media\/235595"}],"wp:attachment":[{"href":"https:\/\/elluchador.info\/index.php?rest_route=%2Fwp%2Fv2%2Fmedia&parent=235594"}],"wp:term":[{"taxonomy":"category","embeddable":true,"href":"https:\/\/elluchador.info\/index.php?rest_route=%2Fwp%2Fv2%2Fcategories&post=235594"},{"taxonomy":"post_tag","embeddable":true,"href":"https:\/\/elluchador.info\/index.php?rest_route=%2Fwp%2Fv2%2Ftags&post=235594"}],"curies":[{"name":"wp","href":"https:\/\/api.w.org\/{rel}","templated":true}]}}