{"id":235603,"date":"2023-01-10T13:08:21","date_gmt":"2023-01-10T17:08:21","guid":{"rendered":"https:\/\/elluchador.info\/web\/?p=235603"},"modified":"2023-01-10T13:08:21","modified_gmt":"2023-01-10T17:08:21","slug":"llega-primer-vuelo-de-vuelta-a-la-patria-con-88-venezolanos","status":"publish","type":"post","link":"https:\/\/elluchador.info\/?p=235603","title":{"rendered":"Llega primer vuelo de Vuelta a la Patria con 88 venezolanos"},"content":{"rendered":"<p>88 venezolanos retornaron al pa\u00eds desde Ecuador en el primer vuelo del Plan Vuelta a la Patria que se realiza este 2023, inform\u00f3 el viceministro para Am\u00e9rica Latina de la Canciller\u00eda de la Rep\u00fablica, Rander Pe\u00f1a.<\/p>\n<p>\u00abHermanos y hermanas, ya est\u00e1n en casa. Bienvenidos\u00bb, dijo Pe\u00f1a ante los connacionales al arribar al pa\u00eds.<\/p>\n<p>\u201cHoy recibimos en nombre del presidente de la Rep\u00fablica, Nicol\u00e1s Maduro, a 88 venezolanos (as) provenientes de Guayaquil, Ecuador, que retornan al pa\u00eds en el primer Plan Vuelta a la Patria del 2023. Hermanos y hermanas, ya est\u00e1n en casa. \u00a1Bienvenidos a la tierra que los vio nacer! \u00a1Feliz a\u00f1o!\u201d, public\u00f3 Pe\u00f1a a trav\u00e9s de la red social Twitter.<\/p>\n<p>Los connacionales llegaron este 10 de enero por el Aeropuerto Nacional Sim\u00f3n Bol\u00edvar, en Maiquet\u00eda, estado La Guaira, a bordo de un avi\u00f3n del Consorcio Venezolano de Industrias Aeron\u00e1uticas y Servicios A\u00e9reos (Conviasa).<\/p>\n<p>Durante el recibimiento, el viceministro Pe\u00f1a subray\u00f3 que estamos recibiendo a venezolanos que tomaron la decisi\u00f3n de volver a su pa\u00eds, venezolanos que se reencontrar\u00e1n con su familia y amigos.<\/p>\n<p>\u00abEs el primer vuelo del Plan Vuelta a la Patria en las alas de Conviasa. En nombre del presidente Nicol\u00e1s Maduro, con orgullo y honrados les decimos: feliz a\u00f1o en su pa\u00eds\u00bb, dijo.<\/p>\n<p>Situaciones complicadas<\/p>\n<p>El viceministro Rander Pe\u00f1a acot\u00f3 que los venezolanos que retornan al pa\u00eds, de los diferentes pa\u00edses de la regi\u00f3n, han pasado por situaciones dif\u00edciles.<\/p>\n<p>\u201cMuchos de ellos vienen de situaciones complicadas, dif\u00edciles; son personas de la tercera edad, con movilidad reducida que han pasado situaciones muy duras\u201d, recalc\u00f3.<\/p>\n<p>Llamadas para regresar<\/p>\n<p>Asimismo, coment\u00f3 que las Embajadas de la Rep\u00fablica de Venezuela reciben diariamente llamadas de venezolanos que expresan su deseo de volver a su pa\u00eds, en tal sentido, a\u00f1adi\u00f3 que van miles inscritos en el plan, \u00abque con grandes esfuerzos, gratuito esfuerzo, los traemos a la patria\u00bb.<\/p>\n<p>Record\u00f3 que \u201cel Plan Vuelta a la Patria son vuelos gratuitos. Ning\u00fan pa\u00eds del mundo tiene el plan que tiene Venezuela de poder traer a cada venezolano que quiere volver. Nosotros los recibimos y los reinsertamos en la vida econ\u00f3mica y social del pa\u00eds para seguir construyendo el pa\u00eds que queremos\u201d, agreg\u00f3.<\/p>\n<p>Canciller: \u00abun esfuerzo enorme del Gobierno Bolivariano\u00bb<\/p>\n<p>Tras la llegada de los 88 compatriotas desde Ecuador, el canciller de la Rep\u00fablica, Yv\u00e1n Gil, destac\u00f3 que el Gobierno Bolivariano realiza un enorme esfuerzo para traer de vuelta a los venezolanos a su patria.<\/p>\n<p>\u00abDamos la bienvenida a nuestras y nuestros compatriotas retornados a la Patria\u2026.un esfuerzo enorme que hace el Gobierno Bolivariano por el bienestar de nuestro pueblo. Gracias presidente @NicolasMaduro\u00ab, dijo en Twitter.<\/p>\n<p>Plan Vuelta a la Patria<\/p>\n<p>El Plan Vuelta a la Patria, creado por el presidente Nicol\u00e1s Maduro, ha permitido el regreso, de forma gratuita, de connacionales en situaci\u00f3n de vulnerabilidad que estaban en diversos pa\u00edses sin recursos para volver.<\/p>\n<p>Con informaci\u00f3n de ultimasnoticias.com.ve<\/p>\n","protected":false},"excerpt":{"rendered":"<p>88 venezolanos retornaron al pa\u00eds desde Ecuador en el primer vuelo del Plan Vuelta a la Patria que se realiza este 2023, inform\u00f3 el viceministro para Am\u00e9rica Latina de la Canciller\u00eda de la Rep\u00fablica, Rander Pe\u00f1a. \u00abHermanos y hermanas, ya est\u00e1n en casa. Bienvenidos\u00bb, dijo Pe\u00f1a ante los connacionales al arribar al pa\u00eds. \u201cHoy recibimos [&hellip;]<\/p>\n","protected":false},"author":19,"featured_media":235604,"comment_status":"closed","ping_status":"closed","sticky":false,"template":"","format":"standard","meta":{"footnotes":""},"categories":[9],"tags":[],"class_list":{"0":"post-235603","1":"post","2":"type-post","3":"status-publish","4":"format-standard","5":"has-post-thumbnail","7":"category-nacionales"},"_links":{"self":[{"href":"https:\/\/elluchador.info\/index.php?rest_route=\/wp\/v2\/posts\/235603","targetHints":{"allow":["GET"]}}],"collection":[{"href":"https:\/\/elluchador.info\/index.php?rest_route=\/wp\/v2\/posts"}],"about":[{"href":"https:\/\/elluchador.info\/index.php?rest_route=\/wp\/v2\/types\/post"}],"author":[{"embeddable":true,"href":"https:\/\/elluchador.info\/index.php?rest_route=\/wp\/v2\/users\/19"}],"replies":[{"embeddable":true,"href":"https:\/\/elluchador.info\/index.php?rest_route=%2Fwp%2Fv2%2Fcomments&post=235603"}],"version-history":[{"count":1,"href":"https:\/\/elluchador.info\/index.php?rest_route=\/wp\/v2\/posts\/235603\/revisions"}],"predecessor-version":[{"id":235605,"href":"https:\/\/elluchador.info\/index.php?rest_route=\/wp\/v2\/posts\/235603\/revisions\/235605"}],"wp:featuredmedia":[{"embeddable":true,"href":"https:\/\/elluchador.info\/index.php?rest_route=\/wp\/v2\/media\/235604"}],"wp:attachment":[{"href":"https:\/\/elluchador.info\/index.php?rest_route=%2Fwp%2Fv2%2Fmedia&parent=235603"}],"wp:term":[{"taxonomy":"category","embeddable":true,"href":"https:\/\/elluchador.info\/index.php?rest_route=%2Fwp%2Fv2%2Fcategories&post=235603"},{"taxonomy":"post_tag","embeddable":true,"href":"https:\/\/elluchador.info\/index.php?rest_route=%2Fwp%2Fv2%2Ftags&post=235603"}],"curies":[{"name":"wp","href":"https:\/\/api.w.org\/{rel}","templated":true}]}}