{"id":235619,"date":"2023-01-10T14:35:05","date_gmt":"2023-01-10T18:35:05","guid":{"rendered":"https:\/\/elluchador.info\/web\/?p=235619"},"modified":"2023-01-10T14:35:05","modified_gmt":"2023-01-10T18:35:05","slug":"petro-suspendio-su-ultimo-acto-en-chile-y-vuelve-a-colombia-por-gran-derrumbe","status":"publish","type":"post","link":"https:\/\/elluchador.info\/?p=235619","title":{"rendered":"Petro suspendi\u00f3 su \u00faltimo acto en Chile y vuelve a Colombia por gran derrumbe"},"content":{"rendered":"<p>El presidente de Colombia, Gustavo Petro, suspendi\u00f3 este martes su \u00faltima actividad en Chile y regres\u00f3 de urgencia a Colombia para enfrentar la emergencia desatada por un gran derrumbe en el sure\u00f1o departamento del Cauca.<\/p>\n<p>\u00abPetro nos iba a acompa\u00f1ar en esta actividad, pero desgraciadamente tuvo que viajar de emergencia a Colombia producto de un derrumbe que ha dejado a m\u00e1s de 150 familias afectadas en el sur de su pa\u00eds\u00bb, explic\u00f3 el presidente chileno, Gabriel Boric, durante la presentaci\u00f3n del trazado del futuro tren que conectar\u00e1 la capital con la ciudad costera de Valpara\u00edso.<\/p>\n<p>El mandatario colombiano concluy\u00f3 as\u00ed su primera visita oficial a Chile, que comenz\u00f3 el lunes con un encuentro bilateral con Boric y la firma de distintos acuerdos en materia de medioambiente, energ\u00eda y cultura.<\/p>\n<p>\u00abLe mando al compa\u00f1ero Petro un gran abrazo desde Chile. Tuvimos una muy buena conversa ayer y no me cabe ninguna duda de que, tal y como estamos avanzando en integraci\u00f3n de nuestro pa\u00eds con los trenes, vamos a avanzar tambi\u00e9n a avanzar en integraci\u00f3n latinoamericana\u00bb, a\u00f1adi\u00f3 Boric.<\/p>\n<p>Ambos mandatarios comparecieron el lunes en el Palacio presidencial La Moneda (sede del Gobierno chileno) tras su reuni\u00f3n bilateral y aprovecharon la ocasi\u00f3n para condenar contundentemente el intento de golpe de Estado en Brasil perpetrado por hordas de bolsonaristas y pedir unidad regional para fortalecer las democracias.<\/p>\n<p>Con informaci\u00f3n de EFE.<\/p>\n","protected":false},"excerpt":{"rendered":"<p>El presidente de Colombia, Gustavo Petro, suspendi\u00f3 este martes su \u00faltima actividad en Chile y regres\u00f3 de urgencia a Colombia para enfrentar la emergencia desatada por un gran derrumbe en el sure\u00f1o departamento del Cauca. \u00abPetro nos iba a acompa\u00f1ar en esta actividad, pero desgraciadamente tuvo que viajar de emergencia a Colombia producto de un [&hellip;]<\/p>\n","protected":false},"author":19,"featured_media":235620,"comment_status":"closed","ping_status":"closed","sticky":false,"template":"","format":"standard","meta":{"footnotes":""},"categories":[8],"tags":[],"class_list":{"0":"post-235619","1":"post","2":"type-post","3":"status-publish","4":"format-standard","5":"has-post-thumbnail","7":"category-internacionales"},"_links":{"self":[{"href":"https:\/\/elluchador.info\/index.php?rest_route=\/wp\/v2\/posts\/235619","targetHints":{"allow":["GET"]}}],"collection":[{"href":"https:\/\/elluchador.info\/index.php?rest_route=\/wp\/v2\/posts"}],"about":[{"href":"https:\/\/elluchador.info\/index.php?rest_route=\/wp\/v2\/types\/post"}],"author":[{"embeddable":true,"href":"https:\/\/elluchador.info\/index.php?rest_route=\/wp\/v2\/users\/19"}],"replies":[{"embeddable":true,"href":"https:\/\/elluchador.info\/index.php?rest_route=%2Fwp%2Fv2%2Fcomments&post=235619"}],"version-history":[{"count":1,"href":"https:\/\/elluchador.info\/index.php?rest_route=\/wp\/v2\/posts\/235619\/revisions"}],"predecessor-version":[{"id":235621,"href":"https:\/\/elluchador.info\/index.php?rest_route=\/wp\/v2\/posts\/235619\/revisions\/235621"}],"wp:featuredmedia":[{"embeddable":true,"href":"https:\/\/elluchador.info\/index.php?rest_route=\/wp\/v2\/media\/235620"}],"wp:attachment":[{"href":"https:\/\/elluchador.info\/index.php?rest_route=%2Fwp%2Fv2%2Fmedia&parent=235619"}],"wp:term":[{"taxonomy":"category","embeddable":true,"href":"https:\/\/elluchador.info\/index.php?rest_route=%2Fwp%2Fv2%2Fcategories&post=235619"},{"taxonomy":"post_tag","embeddable":true,"href":"https:\/\/elluchador.info\/index.php?rest_route=%2Fwp%2Fv2%2Ftags&post=235619"}],"curies":[{"name":"wp","href":"https:\/\/api.w.org\/{rel}","templated":true}]}}