{"id":235625,"date":"2023-01-10T14:47:35","date_gmt":"2023-01-10T18:47:35","guid":{"rendered":"https:\/\/elluchador.info\/web\/?p=235625"},"modified":"2023-01-10T14:47:35","modified_gmt":"2023-01-10T18:47:35","slug":"la-cidh-condeno-la-muerte-de-17-personas-en-un-dia-de-protestas-en-peru","status":"publish","type":"post","link":"https:\/\/elluchador.info\/?p=235625","title":{"rendered":"La CIDH conden\u00f3 la muerte de 17 personas en un d\u00eda de protestas en Per\u00fa"},"content":{"rendered":"<p>La Comisi\u00f3n Interamericana de Derechos Humanos (CIDH) conden\u00f3 este martes la muerte de al menos 17 personas en las protestas antigubernamentales del lunes en Juliaca (sur de Per\u00fa), que forma parte del departamento de Puno (fronterizo con Bolivia).<\/p>\n<p>\u00abLa CIDH condena la muerte de al menos 17 personas en las inmediaciones del aeropuerto en Juliaca, el 9 de enero, en donde tambi\u00e9n se registraron decenas de personas heridas\u00bb, public\u00f3 la CIDH en su cuenta de Twitter.<\/p>\n<p>En el mismo mensaje, la comisi\u00f3n urgi\u00f3 al Estado peruano a \u00abtomar medidas inmediatas para prevenir y sancionar el uso excesivo de la fuerza en las protestas sociales\u00bb.<\/p>\n<p>Tambi\u00e9n a \u00abseguir generando mecanismos efectivos de di\u00e1logo para atender el conflicto social y prevenir la confianza\u00bb.<\/p>\n<p>Seg\u00fan los datos difundidos por la Fiscal\u00eda, 39 personas han muerto en los enfrentamientos entre manifestantes y fuerzas del orden desde el pasado 11 de diciembre, adem\u00e1s de otros 7 civiles \u00abpor accidente de tr\u00e1nsito y hechos vinculados al bloqueo\u00bb de carreteras.<\/p>\n<p>El fiscal superior peruano Jorge Ch\u00e1vez Cotrina tambi\u00e9n inform\u00f3 este martes que un agente de la Polic\u00eda Nacional del Per\u00fa (PNP) muri\u00f3 tras el ataque de una turba que quem\u00f3 el veh\u00edculo patrulla en el que se encontraba en Puno, horas despu\u00e9s de los sucesos que dejaron los 17 fallecidos.<\/p>\n<p>Los manifestantes exigen la renuncia de la presidenta Dina Boluarte, el cierre del Congreso, el adelanto de elecciones generales a 2023 y la convocatoria de una asamblea constituyente.<\/p>\n<p>Con informaci\u00f3n de EFE.<\/p>\n","protected":false},"excerpt":{"rendered":"<p>La Comisi\u00f3n Interamericana de Derechos Humanos (CIDH) conden\u00f3 este martes la muerte de al menos 17 personas en las protestas antigubernamentales del lunes en Juliaca (sur de Per\u00fa), que forma parte del departamento de Puno (fronterizo con Bolivia). \u00abLa CIDH condena la muerte de al menos 17 personas en las inmediaciones del aeropuerto en Juliaca, [&hellip;]<\/p>\n","protected":false},"author":19,"featured_media":235626,"comment_status":"closed","ping_status":"closed","sticky":false,"template":"","format":"standard","meta":{"footnotes":""},"categories":[8],"tags":[],"class_list":{"0":"post-235625","1":"post","2":"type-post","3":"status-publish","4":"format-standard","5":"has-post-thumbnail","7":"category-internacionales"},"_links":{"self":[{"href":"https:\/\/elluchador.info\/index.php?rest_route=\/wp\/v2\/posts\/235625","targetHints":{"allow":["GET"]}}],"collection":[{"href":"https:\/\/elluchador.info\/index.php?rest_route=\/wp\/v2\/posts"}],"about":[{"href":"https:\/\/elluchador.info\/index.php?rest_route=\/wp\/v2\/types\/post"}],"author":[{"embeddable":true,"href":"https:\/\/elluchador.info\/index.php?rest_route=\/wp\/v2\/users\/19"}],"replies":[{"embeddable":true,"href":"https:\/\/elluchador.info\/index.php?rest_route=%2Fwp%2Fv2%2Fcomments&post=235625"}],"version-history":[{"count":1,"href":"https:\/\/elluchador.info\/index.php?rest_route=\/wp\/v2\/posts\/235625\/revisions"}],"predecessor-version":[{"id":235627,"href":"https:\/\/elluchador.info\/index.php?rest_route=\/wp\/v2\/posts\/235625\/revisions\/235627"}],"wp:featuredmedia":[{"embeddable":true,"href":"https:\/\/elluchador.info\/index.php?rest_route=\/wp\/v2\/media\/235626"}],"wp:attachment":[{"href":"https:\/\/elluchador.info\/index.php?rest_route=%2Fwp%2Fv2%2Fmedia&parent=235625"}],"wp:term":[{"taxonomy":"category","embeddable":true,"href":"https:\/\/elluchador.info\/index.php?rest_route=%2Fwp%2Fv2%2Fcategories&post=235625"},{"taxonomy":"post_tag","embeddable":true,"href":"https:\/\/elluchador.info\/index.php?rest_route=%2Fwp%2Fv2%2Ftags&post=235625"}],"curies":[{"name":"wp","href":"https:\/\/api.w.org\/{rel}","templated":true}]}}