{"id":235669,"date":"2023-01-11T10:48:48","date_gmt":"2023-01-11T14:48:48","guid":{"rendered":"https:\/\/elluchador.info\/web\/?p=235669"},"modified":"2023-01-11T10:48:48","modified_gmt":"2023-01-11T14:48:48","slug":"varios-heridos-con-arma-blanca-en-estacion-de-trenes-de-paris","status":"publish","type":"post","link":"https:\/\/elluchador.info\/?p=235669","title":{"rendered":"Varios heridos con arma blanca en estaci\u00f3n de trenes de Par\u00eds"},"content":{"rendered":"<p>Varias personas resultaron heridas este mi\u00e9rcoles, a primera hora de la ma\u00f1ana, en la Estaci\u00f3n del Norte de Par\u00eds en un ataque con arma blanca protagonizada por un hombre que pudo ser reducido por la Polic\u00eda.<\/p>\n<p>El ministro del Interior de Francia, G\u00e9rald Darmanin, explic\u00f3 que \u00abun individuo ha herido a varias personas esta ma\u00f1ana en la Estaci\u00f3n del Norte. Ha sido r\u00e1pidamente neutralizado. Gracias a las fuerzas del orden por su reacci\u00f3n eficaz y valiente\u00bb.<\/p>\n<p>Seg\u00fan el relato de Darmanin, el ataque comenz\u00f3 a las 6.42 de la ma\u00f1ana (hora local) cuando el hombre agredi\u00f3 a varias personas en la estaci\u00f3n y un minuto m\u00e1s tarde ya hab\u00eda sido reducido por la Polic\u00eda. En concreto, agentes que no estaban en servicio y otros polic\u00edas que s\u00ed estaban en misi\u00f3n le dispararon tres veces, y luego fue trasladado a un hospital.<\/p>\n<p>Seis personas fueron heridas por el agresor, una de ellas de gravedad, aunque su vida no corre peligro. Entre ellas hay un polic\u00eda.<\/p>\n<p>El ministro hizo hincapi\u00e9 en que \u00absin la intervenci\u00f3n extremadamente r\u00e1pida de la polic\u00eda, habr\u00eda v\u00edctimas\u00bb.<\/p>\n<p>Despu\u00e9s del incidente, los trenes circulaban normalmente por la que es la estaci\u00f3n con mayor tr\u00e1fico de viajeros de Europa, que re\u00fane l\u00edneas de cercan\u00edas y de larga distancia, incluyendo trenes internacionales como los Thalys a Bruselas, Amsterdam y Colonia, o los Eurostar a Londres.<\/p>\n<p>El agresor est\u00e1 gravemente herido<\/p>\n<p>El atacante se encuentra entre la vida y la muerte, explic\u00f3 el ministro franc\u00e9s de Interior, G\u00e9rald Darmanin. En una comparecencia ante la prensa en la misma Estaci\u00f3n del Norte en presencia entre otros de la alcaldesa de Par\u00eds, Anne Hidalgo, Darmanin se\u00f1al\u00f3 que las fuerzas del orden trabajan para saber qui\u00e9n es el agresor, puesto que no llevaba documento de identidad consigo.<\/p>\n<p>Sobre las posibles motivaciones de su ataque, despu\u00e9s de que hayan circulado rumores sobre los gritos que supuestamente profiri\u00f3 mientras llevaba a cabo la agresi\u00f3n, el ministro dijo: \u00abQue yo sepa, no ha dicho nada\u00bb.<\/p>\n<p>La Fiscal\u00eda Antiterrorista no se ocupa del caso, al menos por el momento, lo que da una idea de los elementos de los que disponen los investigadores sobre la caracterizaci\u00f3n de los hechos.<\/p>\n<p>Con informaci\u00f3n de Deutsche Welle.<\/p>\n","protected":false},"excerpt":{"rendered":"<p>Varias personas resultaron heridas este mi\u00e9rcoles, a primera hora de la ma\u00f1ana, en la Estaci\u00f3n del Norte de Par\u00eds en un ataque con arma blanca protagonizada por un hombre que pudo ser reducido por la Polic\u00eda. El ministro del Interior de Francia, G\u00e9rald Darmanin, explic\u00f3 que \u00abun individuo ha herido a varias personas esta ma\u00f1ana [&hellip;]<\/p>\n","protected":false},"author":19,"featured_media":235670,"comment_status":"closed","ping_status":"closed","sticky":false,"template":"","format":"standard","meta":{"footnotes":""},"categories":[8],"tags":[],"class_list":{"0":"post-235669","1":"post","2":"type-post","3":"status-publish","4":"format-standard","5":"has-post-thumbnail","7":"category-internacionales"},"_links":{"self":[{"href":"https:\/\/elluchador.info\/index.php?rest_route=\/wp\/v2\/posts\/235669","targetHints":{"allow":["GET"]}}],"collection":[{"href":"https:\/\/elluchador.info\/index.php?rest_route=\/wp\/v2\/posts"}],"about":[{"href":"https:\/\/elluchador.info\/index.php?rest_route=\/wp\/v2\/types\/post"}],"author":[{"embeddable":true,"href":"https:\/\/elluchador.info\/index.php?rest_route=\/wp\/v2\/users\/19"}],"replies":[{"embeddable":true,"href":"https:\/\/elluchador.info\/index.php?rest_route=%2Fwp%2Fv2%2Fcomments&post=235669"}],"version-history":[{"count":1,"href":"https:\/\/elluchador.info\/index.php?rest_route=\/wp\/v2\/posts\/235669\/revisions"}],"predecessor-version":[{"id":235671,"href":"https:\/\/elluchador.info\/index.php?rest_route=\/wp\/v2\/posts\/235669\/revisions\/235671"}],"wp:featuredmedia":[{"embeddable":true,"href":"https:\/\/elluchador.info\/index.php?rest_route=\/wp\/v2\/media\/235670"}],"wp:attachment":[{"href":"https:\/\/elluchador.info\/index.php?rest_route=%2Fwp%2Fv2%2Fmedia&parent=235669"}],"wp:term":[{"taxonomy":"category","embeddable":true,"href":"https:\/\/elluchador.info\/index.php?rest_route=%2Fwp%2Fv2%2Fcategories&post=235669"},{"taxonomy":"post_tag","embeddable":true,"href":"https:\/\/elluchador.info\/index.php?rest_route=%2Fwp%2Fv2%2Ftags&post=235669"}],"curies":[{"name":"wp","href":"https:\/\/api.w.org\/{rel}","templated":true}]}}