{"id":235672,"date":"2023-01-11T10:52:42","date_gmt":"2023-01-11T14:52:42","guid":{"rendered":"https:\/\/elluchador.info\/web\/?p=235672"},"modified":"2023-01-11T10:52:42","modified_gmt":"2023-01-11T14:52:42","slug":"iran-advierte-a-charlie-hebdo-mira-lo-que-le-paso-a-salman-rushdie","status":"publish","type":"post","link":"https:\/\/elluchador.info\/?p=235672","title":{"rendered":"Ir\u00e1n advierte a Charlie Hebdo: \u201cMira lo que le pas\u00f3 a Salman Rushdie\u201d"},"content":{"rendered":"<p>El comandante en jefe de la Guardia Revolucionaria de Ir\u00e1n, el general Hosein Salam\u00ed, advirti\u00f3 a la revista francesa Charlie Hebdo que recuerde lo que le ocurri\u00f3 al escritor Salman Rushdie, quien fue atacado m\u00e1s de 30 a\u00f1os despu\u00e9s de la publicaci\u00f3n de una novela en la que \u00abinsult\u00f3 al islam\u00bb.<\/p>\n<p>\u00abAconsejo a los franceses y directores de la revista Charlie Hebdo que miren lo que le pas\u00f3 a Salman Rushdie\u201d, dijo Salam\u00ed durante una ceremonia, seg\u00fan recoge este mi\u00e9rcoles la agencia semioficial Mehr.<\/p>\n<p>El escritor brit\u00e1nico de origen indio sufri\u00f3 un ataque a pu\u00f1aladas en el que perdi\u00f3 la vista en un ojo en Nueva York en agosto de 2021 por haber \u00abatacado el islam\u201d en su novela \u00abLos versos sat\u00e1nicos\u201d, publicada en 1989.<\/p>\n<p>El ayatol\u00e1 iran\u00ed Ruhol\u00e1 Jomein\u00ed emiti\u00f3 una fatua pidiendo el asesinato de Rushdie en 1989 y de cualquier persona implicada en la publicaci\u00f3n del libro, lo que oblig\u00f3 al escritor a pasar a\u00f1os en la clandestinidad.<\/p>\n<p>El Gobierno de Ir\u00e1n rechaz\u00f3 toda responsabilidad del ataque a Rushdie en agosto y culp\u00f3 al escritor de la agresi\u00f3n \u00abpor insultar a los musulmanes\u201d con su novela.<\/p>\n<p>\u00abTras muchos a\u00f1os, un joven musulm\u00e1n se veng\u00f3 valientemente de Salman Rushdie, y nadie pudo salvarlo\u201d, afirm\u00f3 Salam\u00ed en referencia al hombre que atac\u00f3 al escritor con un cuchillo durante una conferencia en Nueva York.<\/p>\n<p>\u00abNo jueguen con los musulmanes\u201d, advirti\u00f3 el militar.<\/p>\n<p>Charlie Hebdo convoc\u00f3 el 8 de diciembre un concurso de caricaturas del l\u00edder supremo de Ir\u00e1n, Ali Jamenei, para \u00abapoyar\u00bb a \u00ablos iran\u00edes que luchan por su libertad\u00bb, en referencia a las protestas que sacuden el pa\u00eds desde septiembre, tras la muerte bajo custodia policial de Mahsa Amini, por llevar mal colocado el velo isl\u00e1mico.<\/p>\n<p>Teher\u00e1n conden\u00f3 el concurso y asegur\u00f3 que \u00abno acepta de ninguna manera los insultos contra sus valores isl\u00e1micos, religiosos y nacionales\u201d.<\/p>\n<p>Como primera respuesta ante el concurso, Ir\u00e1n cerr\u00f3 el pasado d\u00eda 5 el Instituto Franc\u00e9s de Investigaci\u00f3n en Ir\u00e1n, en reacci\u00f3n al \u00absilencio\u00bb de Par\u00eds acerca del concurso de caricaturas.<\/p>\n<p>Con informaci\u00f3n de Deutsche Welle.<\/p>\n","protected":false},"excerpt":{"rendered":"<p>El comandante en jefe de la Guardia Revolucionaria de Ir\u00e1n, el general Hosein Salam\u00ed, advirti\u00f3 a la revista francesa Charlie Hebdo que recuerde lo que le ocurri\u00f3 al escritor Salman Rushdie, quien fue atacado m\u00e1s de 30 a\u00f1os despu\u00e9s de la publicaci\u00f3n de una novela en la que \u00abinsult\u00f3 al islam\u00bb. \u00abAconsejo a los franceses [&hellip;]<\/p>\n","protected":false},"author":19,"featured_media":235673,"comment_status":"closed","ping_status":"closed","sticky":false,"template":"","format":"standard","meta":{"footnotes":""},"categories":[8],"tags":[],"class_list":{"0":"post-235672","1":"post","2":"type-post","3":"status-publish","4":"format-standard","5":"has-post-thumbnail","7":"category-internacionales"},"_links":{"self":[{"href":"https:\/\/elluchador.info\/index.php?rest_route=\/wp\/v2\/posts\/235672","targetHints":{"allow":["GET"]}}],"collection":[{"href":"https:\/\/elluchador.info\/index.php?rest_route=\/wp\/v2\/posts"}],"about":[{"href":"https:\/\/elluchador.info\/index.php?rest_route=\/wp\/v2\/types\/post"}],"author":[{"embeddable":true,"href":"https:\/\/elluchador.info\/index.php?rest_route=\/wp\/v2\/users\/19"}],"replies":[{"embeddable":true,"href":"https:\/\/elluchador.info\/index.php?rest_route=%2Fwp%2Fv2%2Fcomments&post=235672"}],"version-history":[{"count":1,"href":"https:\/\/elluchador.info\/index.php?rest_route=\/wp\/v2\/posts\/235672\/revisions"}],"predecessor-version":[{"id":235674,"href":"https:\/\/elluchador.info\/index.php?rest_route=\/wp\/v2\/posts\/235672\/revisions\/235674"}],"wp:featuredmedia":[{"embeddable":true,"href":"https:\/\/elluchador.info\/index.php?rest_route=\/wp\/v2\/media\/235673"}],"wp:attachment":[{"href":"https:\/\/elluchador.info\/index.php?rest_route=%2Fwp%2Fv2%2Fmedia&parent=235672"}],"wp:term":[{"taxonomy":"category","embeddable":true,"href":"https:\/\/elluchador.info\/index.php?rest_route=%2Fwp%2Fv2%2Fcategories&post=235672"},{"taxonomy":"post_tag","embeddable":true,"href":"https:\/\/elluchador.info\/index.php?rest_route=%2Fwp%2Fv2%2Ftags&post=235672"}],"curies":[{"name":"wp","href":"https:\/\/api.w.org\/{rel}","templated":true}]}}