{"id":235681,"date":"2023-01-11T10:59:59","date_gmt":"2023-01-11T14:59:59","guid":{"rendered":"https:\/\/elluchador.info\/web\/?p=235681"},"modified":"2023-01-11T10:59:59","modified_gmt":"2023-01-11T14:59:59","slug":"mas-de-700-damnificados-deja-derrumbe-que-afecta-el-suroeste-de-colombia","status":"publish","type":"post","link":"https:\/\/elluchador.info\/?p=235681","title":{"rendered":"M\u00e1s de 700 damnificados deja derrumbe que afecta el suroeste de Colombia"},"content":{"rendered":"<p>M\u00e1s de 700 personas damnificadas y 64 viviendas destruidas, es el saldo parcial de un derrumbe en la V\u00eda Panamericana, la principal carretera del suroeste de Colombia, inform\u00f3 este martes el presidente colombiano, Gustavo Petro.<\/p>\n<p>\u00abHay 164 familias ya en albergues, 64 casas fueron completamente destruidas, en toda la zona hay m\u00e1s de 700 damnificados\u00bb, dijo el jefe de Estado en Cali a donde lleg\u00f3 luego de suspender su \u00faltima actividad en Chile, en donde desarrollaba una visita de Estado, para regresar a Colombia y enfrentar el gran derrumbe en el sure\u00f1o departamento del Cauca.<\/p>\n<p>El derrumbe ocurri\u00f3 el lunes en el municipio de Rosas en donde el deslizamiento arras\u00f3 con viviendas de varias veredas (aldeas) de la zona La Soledad.<\/p>\n<p>Hasta el momento, no hay p\u00e9rdida en vidas humanas porque las familias fueron evacuadas con anterioridad en una operaci\u00f3n en la que intervinieron la Fuerza A\u00e9rea Colombiana (FAC), la Unidad Nacional para la Gesti\u00f3n del Riesgo de Desastres (Ungrd) y otros organismos como la Defensa Civil y la Cruz Roja.<\/p>\n<p>\u00abHoy podemos decir que la Unidad Nacional de Gesti\u00f3n del Riesgos logr\u00f3 evitar una tragedia porque la previ\u00f3 evacuando previamente a la familia de la zona del desastre, por eso no hay muertos\u00bb, puntualiz\u00f3 Petro.<\/p>\n<p>El gobernante colombiano dijo que el Gobierno estudia las medidas \u00abtanto de urgencia como de mediano y largo plazo para lograr una conectividad fundamental, que es la del sur del pa\u00eds, la que tiene que ver pr\u00e1cticamente con toda Suram\u00e9rica\u201d, dijo.<\/p>\n<p>Al tiempo anunci\u00f3 \u00abinversiones billonarias\u00bb para hacer un trayecto de 70 kil\u00f3metros de la Panamericana lejos de la zona en la que hay una falla tect\u00f3nica.<\/p>\n<p>\u00abEso permitir\u00e1 un fluido much\u00edsimo mejor de la movilidad de todo Suram\u00e9rica y de nuestros departamentos del sur de Colombia con Bogot\u00e1 y con el centro del pa\u00eds\u00bb, asegur\u00f3.<\/p>\n<p>Adem\u00e1s, dijo que se comprar\u00e1n haciendas cercanas para reubicar a la poblaci\u00f3n damnificada que \u00abno puede volver al mismo lugar\u00bb por el riesgo que corre, y dijo que se reunir\u00e1 con la comunidad tan pronto como el clima lo permita.<\/p>\n<p>Petro declar\u00f3 en noviembre pasado la situaci\u00f3n de \u00abdesastre\u00bb en el pa\u00eds por la temporada de lluvias que alcanza los niveles m\u00e1s altos en 40 a\u00f1os que dejaron en 2022 un total de 205 fallecidos y m\u00e1s de 500.000 damnificados.<\/p>\n<p>Con informaci\u00f3n de EFE.<\/p>\n","protected":false},"excerpt":{"rendered":"<p>M\u00e1s de 700 personas damnificadas y 64 viviendas destruidas, es el saldo parcial de un derrumbe en la V\u00eda Panamericana, la principal carretera del suroeste de Colombia, inform\u00f3 este martes el presidente colombiano, Gustavo Petro. \u00abHay 164 familias ya en albergues, 64 casas fueron completamente destruidas, en toda la zona hay m\u00e1s de 700 damnificados\u00bb, [&hellip;]<\/p>\n","protected":false},"author":19,"featured_media":235682,"comment_status":"closed","ping_status":"closed","sticky":false,"template":"","format":"standard","meta":{"footnotes":""},"categories":[8],"tags":[],"class_list":{"0":"post-235681","1":"post","2":"type-post","3":"status-publish","4":"format-standard","5":"has-post-thumbnail","7":"category-internacionales"},"_links":{"self":[{"href":"https:\/\/elluchador.info\/index.php?rest_route=\/wp\/v2\/posts\/235681","targetHints":{"allow":["GET"]}}],"collection":[{"href":"https:\/\/elluchador.info\/index.php?rest_route=\/wp\/v2\/posts"}],"about":[{"href":"https:\/\/elluchador.info\/index.php?rest_route=\/wp\/v2\/types\/post"}],"author":[{"embeddable":true,"href":"https:\/\/elluchador.info\/index.php?rest_route=\/wp\/v2\/users\/19"}],"replies":[{"embeddable":true,"href":"https:\/\/elluchador.info\/index.php?rest_route=%2Fwp%2Fv2%2Fcomments&post=235681"}],"version-history":[{"count":1,"href":"https:\/\/elluchador.info\/index.php?rest_route=\/wp\/v2\/posts\/235681\/revisions"}],"predecessor-version":[{"id":235683,"href":"https:\/\/elluchador.info\/index.php?rest_route=\/wp\/v2\/posts\/235681\/revisions\/235683"}],"wp:featuredmedia":[{"embeddable":true,"href":"https:\/\/elluchador.info\/index.php?rest_route=\/wp\/v2\/media\/235682"}],"wp:attachment":[{"href":"https:\/\/elluchador.info\/index.php?rest_route=%2Fwp%2Fv2%2Fmedia&parent=235681"}],"wp:term":[{"taxonomy":"category","embeddable":true,"href":"https:\/\/elluchador.info\/index.php?rest_route=%2Fwp%2Fv2%2Fcategories&post=235681"},{"taxonomy":"post_tag","embeddable":true,"href":"https:\/\/elluchador.info\/index.php?rest_route=%2Fwp%2Fv2%2Ftags&post=235681"}],"curies":[{"name":"wp","href":"https:\/\/api.w.org\/{rel}","templated":true}]}}