{"id":235684,"date":"2023-01-11T11:10:49","date_gmt":"2023-01-11T15:10:49","guid":{"rendered":"https:\/\/elluchador.info\/web\/?p=235684"},"modified":"2023-01-11T11:10:49","modified_gmt":"2023-01-11T15:10:49","slug":"venezuela-rechaza-intento-de-atentado-contra-francia-marquez","status":"publish","type":"post","link":"https:\/\/elluchador.info\/?p=235684","title":{"rendered":"Venezuela rechaza intento de atentado contra Francia M\u00e1rquez"},"content":{"rendered":"<p>El canciller de Venezuela, Yv\u00e1n Gil, rechaz\u00f3 este martes el intento de atentado contra la vicepresidenta de Colombia, Francia M\u00e1rquez, quien denunci\u00f3 que su equipo de seguridad encontr\u00f3 un artefacto con siete kilos de explosivos en la v\u00eda que conduce a su residencia familiar en Su\u00e1rez, en el departamento del Cauca.<\/p>\n<p>\u00abRechazamos de manera contundente el intento de atentado ocurrido en la poblaci\u00f3n (vereda) de Yolomb\u00f3, municipio Su\u00e1rez, departamento del Cauca, el cual ten\u00eda por objeto causarle da\u00f1o a la vicepresidenta de la Rep\u00fablica de Colombia, Francia M\u00e1rquez Mina\u00bb, se\u00f1al\u00f3 Gil en su cuenta de Twitter.<\/p>\n<p>M\u00e1rquez inform\u00f3 a trav\u00e9s de sus redes sociales el hallazgo de un artefacto con m\u00e1s de siete kilos de material explosivo que fue \u00abdestruido de manera controlada por personal antiexplosivos de la SIJIN (Direcci\u00f3n de Investigaci\u00f3n Criminal e Interpol de la Polic\u00eda)\u00bb.<\/p>\n<p>La vicepresidenta denunci\u00f3 este suceso como \u00abun nuevo intento de atentar\u00bb contra su vida.<\/p>\n<p>La Oficina de la ONU para los Derechos Humanos en Colombia conden\u00f3 que se haya querido atentar contra la vida de M\u00e1rquez y que se ponga en peligro a su familia, su entorno y a los habitantes de la (vereda) de Yolomb\u00f3, Cauca.<\/p>\n<p>El organismo internacional tambi\u00e9n destac\u00f3 \u00abla acci\u00f3n preventiva de la fuerza p\u00fablica que desactiv\u00f3 el artefacto explosivo\u00bb y se\u00f1al\u00f3 que \u00abFrancia M\u00e1rquez ha sido una defensora de derechos humanos reconocida, v\u00edctima de varios ataques por su labor y ha sido una contraparte muy cercana a la Oficina de ONU Derechos Humanos\u00bb.<\/p>\n<p>Con informaci\u00f3n de EFE.<\/p>\n","protected":false},"excerpt":{"rendered":"<p>El canciller de Venezuela, Yv\u00e1n Gil, rechaz\u00f3 este martes el intento de atentado contra la vicepresidenta de Colombia, Francia M\u00e1rquez, quien denunci\u00f3 que su equipo de seguridad encontr\u00f3 un artefacto con siete kilos de explosivos en la v\u00eda que conduce a su residencia familiar en Su\u00e1rez, en el departamento del Cauca. \u00abRechazamos de manera contundente [&hellip;]<\/p>\n","protected":false},"author":19,"featured_media":235685,"comment_status":"closed","ping_status":"closed","sticky":false,"template":"","format":"standard","meta":{"footnotes":""},"categories":[9],"tags":[],"class_list":{"0":"post-235684","1":"post","2":"type-post","3":"status-publish","4":"format-standard","5":"has-post-thumbnail","7":"category-nacionales"},"_links":{"self":[{"href":"https:\/\/elluchador.info\/index.php?rest_route=\/wp\/v2\/posts\/235684","targetHints":{"allow":["GET"]}}],"collection":[{"href":"https:\/\/elluchador.info\/index.php?rest_route=\/wp\/v2\/posts"}],"about":[{"href":"https:\/\/elluchador.info\/index.php?rest_route=\/wp\/v2\/types\/post"}],"author":[{"embeddable":true,"href":"https:\/\/elluchador.info\/index.php?rest_route=\/wp\/v2\/users\/19"}],"replies":[{"embeddable":true,"href":"https:\/\/elluchador.info\/index.php?rest_route=%2Fwp%2Fv2%2Fcomments&post=235684"}],"version-history":[{"count":1,"href":"https:\/\/elluchador.info\/index.php?rest_route=\/wp\/v2\/posts\/235684\/revisions"}],"predecessor-version":[{"id":235686,"href":"https:\/\/elluchador.info\/index.php?rest_route=\/wp\/v2\/posts\/235684\/revisions\/235686"}],"wp:featuredmedia":[{"embeddable":true,"href":"https:\/\/elluchador.info\/index.php?rest_route=\/wp\/v2\/media\/235685"}],"wp:attachment":[{"href":"https:\/\/elluchador.info\/index.php?rest_route=%2Fwp%2Fv2%2Fmedia&parent=235684"}],"wp:term":[{"taxonomy":"category","embeddable":true,"href":"https:\/\/elluchador.info\/index.php?rest_route=%2Fwp%2Fv2%2Fcategories&post=235684"},{"taxonomy":"post_tag","embeddable":true,"href":"https:\/\/elluchador.info\/index.php?rest_route=%2Fwp%2Fv2%2Ftags&post=235684"}],"curies":[{"name":"wp","href":"https:\/\/api.w.org\/{rel}","templated":true}]}}