{"id":235687,"date":"2023-01-11T11:11:48","date_gmt":"2023-01-11T15:11:48","guid":{"rendered":"https:\/\/elluchador.info\/web\/?p=235687"},"modified":"2023-01-11T11:11:48","modified_gmt":"2023-01-11T15:11:48","slug":"vicepresidente-de-la-an-pedro-infante-contacto-con-la-gente-sera-la-prioridad-para-este-2023","status":"publish","type":"post","link":"https:\/\/elluchador.info\/?p=235687","title":{"rendered":"Vicepresidente de la AN Pedro infante: Contacto con la gente ser\u00e1 la prioridad para este 2023"},"content":{"rendered":"<p>Al t\u00e9rmino de la reuni\u00f3n del Consejo Consultivo de la Asamblea Nacional (AN), que se celebr\u00f3 la tarde de este martes en la sede del Palacio Federal Legislativo, el primer vicepresidente del Parlamento, diputado Pedro Infante, indic\u00f3 que el contacto con la gente ser\u00e1 la prioridad para este 2023 y se\u00f1al\u00f3 que el presidente del parlamento, Jorge Rodr\u00edguez, instruy\u00f3 conformar una comisi\u00f3n que se ocupe de la divulgaci\u00f3n de las leyes y dinamice la participaci\u00f3n y la consulta popular.<\/p>\n<p>Infante se\u00f1al\u00f3 que se revisaron las leyes discutidas, aprobadas y las que est\u00e1n en proceso de ejecuci\u00f3n del ciclo anterior.<\/p>\n<p>\u00abEn primer lugar revisamos el desarrollo de todo el trabajo legislativo de los a\u00f1os 2021 y 2022 que suma 59 leyes aprobada, como parte de la recuperaci\u00f3n de la din\u00e1mica del Poder Legislativo venezolano\u00bb, dijo.<\/p>\n<p>Agreg\u00f3 que hubo una revisi\u00f3n en la instrucci\u00f3n del presidente del Parlamento para \u00abtrabajar en una agenda intensiva de calle (\u2026) de despliegue en el territorio nacional\u00bb.<\/p>\n<p>En este sentido, explic\u00f3 que los mecanismos de difusi\u00f3n y consulta deber\u00e1n ser bidireccionales para que todas las leyes que se aprueben en primera discusi\u00f3n se difundan a todos los estados del pa\u00eds durante los primeros 100 d\u00edas de la implementaci\u00f3n en movimientos sociales y al p\u00fablico en general.<\/p>\n<p>Recalc\u00f3 que esto se realizar\u00e1 para que la poblaci\u00f3n tambi\u00e9n pueda retroalimentar las propuestas con informaci\u00f3n que ser\u00e1 evaluada en la segunda discusi\u00f3n del instrumento jur\u00eddico que debatan los diputados.<\/p>\n<p>El vice titular del Parlamento se\u00f1al\u00f3 que tambi\u00e9n se revis\u00f3 el balance de la actividad \u00abde los grupos de amistad interparlamentaria que se vienen conformando en estos dos a\u00f1os de trabajo (desde que fue instalada esta AN en 2021)\u00bb.<\/p>\n<p>Destac\u00f3 que se design\u00f3 las presidencias y vicepresidencias de 53 grupos de amistad \u00abde los cuales ya se han instalado formalmente 24 y en las pr\u00f3ximas semanas se instalar\u00e1n los otros 29\u00bb.<\/p>\n<p>El primer vicepresidente de la AN refiri\u00f3 la revisi\u00f3n de la agenda legislativa que tendr\u00e1 el Parlamento venezolano para el per\u00edodo que inici\u00f3 este cinco de enero y describi\u00f3 los cinco ejes que, en materia de instrumentos jur\u00eddicos, tiene planteado ese poder del Estado.<\/p>\n<p>La agenda incluye los instrumentos referentes a la materia econ\u00f3mica de las que destacan las leyes de Contrataciones P\u00fablicas, Comercio Digital, la Ley Org\u00e1nica de Coordinaci\u00f3n y Armonizaci\u00f3n tributaria cuyo debate contin\u00faa tras su aprobaci\u00f3n en primera discusi\u00f3n el a\u00f1o pasado.<\/p>\n<p>Asimismo, se incorpora la reforma a la Ley Org\u00e1nica del Sistema Econ\u00f3mico Comunal, que si bien es un instrumento de leyes del Poder Popular, se incluye sobre la base de la importancia de la Econom\u00eda Comunal para el desarrollo del pa\u00eds, \u00abotra de las palancas para la recuperaci\u00f3n econ\u00f3mica\u00bb, comunic\u00f3 Infante.<\/p>\n<p>Refiri\u00f3 el bloque de Leyes para el Derecho a la Ciudad, en el que se desarrollan los instrumentos referentes a servicios p\u00fablicos como el agua, la gesti\u00f3n integral de la basura y el ambiente y se\u00f1al\u00f3 el bloque de Leyes del Poder Popular, para aprobar normativas en favor del desarrollo de las Comunas y los Consejos Comunales.<\/p>\n<p>De igual manera, hizo menci\u00f3n a las \u00ableyes para el desarrollo humano las cuales incluyen normativas para la protecci\u00f3n de los trabajadores y de las personas con trastornos del espectro autista y sus familiares\u00bb, acot\u00f3.<\/p>\n<p>Finalmente recalc\u00f3 las Leyes de la Revoluci\u00f3n Judicial, de las que destac\u00f3 la Ley del Sistema de Justicia, Ley de la Magistratura y la Ley de la Verdad y la Memoria Hist\u00f3rica.<\/p>\n<p>Con informaci\u00f3n de www.globovision.com<\/p>\n","protected":false},"excerpt":{"rendered":"<p>Al t\u00e9rmino de la reuni\u00f3n del Consejo Consultivo de la Asamblea Nacional (AN), que se celebr\u00f3 la tarde de este martes en la sede del Palacio Federal Legislativo, el primer vicepresidente del Parlamento, diputado Pedro Infante, indic\u00f3 que el contacto con la gente ser\u00e1 la prioridad para este 2023 y se\u00f1al\u00f3 que el presidente del [&hellip;]<\/p>\n","protected":false},"author":19,"featured_media":235688,"comment_status":"closed","ping_status":"closed","sticky":false,"template":"","format":"standard","meta":{"footnotes":""},"categories":[11],"tags":[],"class_list":{"0":"post-235687","1":"post","2":"type-post","3":"status-publish","4":"format-standard","5":"has-post-thumbnail","7":"category-politica"},"_links":{"self":[{"href":"https:\/\/elluchador.info\/index.php?rest_route=\/wp\/v2\/posts\/235687","targetHints":{"allow":["GET"]}}],"collection":[{"href":"https:\/\/elluchador.info\/index.php?rest_route=\/wp\/v2\/posts"}],"about":[{"href":"https:\/\/elluchador.info\/index.php?rest_route=\/wp\/v2\/types\/post"}],"author":[{"embeddable":true,"href":"https:\/\/elluchador.info\/index.php?rest_route=\/wp\/v2\/users\/19"}],"replies":[{"embeddable":true,"href":"https:\/\/elluchador.info\/index.php?rest_route=%2Fwp%2Fv2%2Fcomments&post=235687"}],"version-history":[{"count":1,"href":"https:\/\/elluchador.info\/index.php?rest_route=\/wp\/v2\/posts\/235687\/revisions"}],"predecessor-version":[{"id":235689,"href":"https:\/\/elluchador.info\/index.php?rest_route=\/wp\/v2\/posts\/235687\/revisions\/235689"}],"wp:featuredmedia":[{"embeddable":true,"href":"https:\/\/elluchador.info\/index.php?rest_route=\/wp\/v2\/media\/235688"}],"wp:attachment":[{"href":"https:\/\/elluchador.info\/index.php?rest_route=%2Fwp%2Fv2%2Fmedia&parent=235687"}],"wp:term":[{"taxonomy":"category","embeddable":true,"href":"https:\/\/elluchador.info\/index.php?rest_route=%2Fwp%2Fv2%2Fcategories&post=235687"},{"taxonomy":"post_tag","embeddable":true,"href":"https:\/\/elluchador.info\/index.php?rest_route=%2Fwp%2Fv2%2Ftags&post=235687"}],"curies":[{"name":"wp","href":"https:\/\/api.w.org\/{rel}","templated":true}]}}