{"id":235690,"date":"2023-01-11T11:15:13","date_gmt":"2023-01-11T15:15:13","guid":{"rendered":"https:\/\/elluchador.info\/web\/?p=235690"},"modified":"2023-01-11T11:15:13","modified_gmt":"2023-01-11T15:15:13","slug":"ministro-de-turismo-lo-que-viene-sera-mucho-mejor-gracias-a-la-reactivacion-economica","status":"publish","type":"post","link":"https:\/\/elluchador.info\/?p=235690","title":{"rendered":"Ministro de Turismo: Lo que viene ser\u00e1 mucho mejor gracias a la reactivaci\u00f3n econ\u00f3mica"},"content":{"rendered":"<p>Este mi\u00e9rcoles el ministro de Turismo, Al\u00ed Padr\u00f3n inform\u00f3 sobre los avances que se han logrado en este sector durante el a\u00f1o pasado y los proyectos que se tienen para este 2023. \u201cHa sido un reto para Venezuela recobrar la actividad tur\u00edstica, pero lo estamos haciendo\u201d, dijo.<\/p>\n<p>Padr\u00f3n detall\u00f3 que en el 2022, se logr\u00f3 una importante movilizaci\u00f3n y ocupaci\u00f3n tur\u00edstica, en parques nacionales, playas, cascos hist\u00f3ricos entre otros que permitieron la reactivaci\u00f3n econ\u00f3mica de muchos de estos lugares afectados durante la pandemia.<\/p>\n<p>\u201cLo que viene ser\u00e1 mucho mejor que lo que hemos tenido gracias a la recuperaci\u00f3n econ\u00f3mica\u201d, afirm\u00f3 el ministro.<\/p>\n<p>El representante de esta cartera de Estado, especific\u00f3 que para este a\u00f1o 2023 se tiene previsto el desarrollo de un plan tur\u00edstico impulsado por 5 ejes estrat\u00e9gicos. \u201cUno de ellos es la Rector\u00eda y Gobernanza; en todos los estados confluyen las fuerzas con esta \u00e1rea con los distintos ministerios, instituciones, sector privado y comunidades tur\u00edsticas organizadas, todo para avanzar\u201d, coment\u00f3.<\/p>\n<p>Destac\u00f3 adem\u00e1s que ese primer eje estar\u00e1 ligado a la promoci\u00f3n, posicionamiento y comercializaci\u00f3n de los espacios tur\u00edsticos. \u201cLos reportes que hemos recibido del sector son positivos, se ha hecho un gran cambio de la visi\u00f3n rentista a la econom\u00eda productiva\u201d, enfatiz\u00f3.<\/p>\n<p>\u201cEl a\u00f1o pasado crecimos un 18% ese es un aspecto importante para la econom\u00eda\u201d, manifest\u00f3 al tiempo que confirm\u00f3 que se han certificado y reactivado en el pa\u00eds 36 rutas para el turismo las cuales permiten avanzar, crecer, desarrollar e involucrarse.<\/p>\n<p>Por otra parte, asegur\u00f3 que durante el mes de enero de 2023 se reactivar\u00e1 la \u00faltima estaci\u00f3n del telef\u00e9rico de M\u00e9rida. \u201cEl sistema telef\u00e9rico fue afectado por el bloqueo, tuvimos que detener el servicio por falta de repuestos y no se pod\u00eda dar mantenimiento\u201d, asegur\u00f3.<\/p>\n<p>Asimismo, se\u00f1al\u00f3 que este a\u00f1o se continuaran las reuniones y conversaciones con inversionistas para la reactivaci\u00f3n de la Isla Tortuga, en la cual se tiene como proyecto construir diez resorts para el disfrute tur\u00edstico. \u201cLa tortuga es el proyecto m\u00e1s importante que tiene el caribe\u201d, dijo.<\/p>\n<p>Finalmente, expres\u00f3 gran oportunidad de consolidar la visita del Crucero alem\u00e1n Amadea a Margarita, \u201ccerca de 498 turistas pudieron disfrutar de la isla donde pudieron disfrutar de un grato recibimiento y conocer los maravillosos sitios que ofrece\u201d, comunic\u00f3.<\/p>\n<p>Con informaci\u00f3n de www.globovision.com<\/p>\n","protected":false},"excerpt":{"rendered":"<p>Este mi\u00e9rcoles el ministro de Turismo, Al\u00ed Padr\u00f3n inform\u00f3 sobre los avances que se han logrado en este sector durante el a\u00f1o pasado y los proyectos que se tienen para este 2023. \u201cHa sido un reto para Venezuela recobrar la actividad tur\u00edstica, pero lo estamos haciendo\u201d, dijo. Padr\u00f3n detall\u00f3 que en el 2022, se logr\u00f3 [&hellip;]<\/p>\n","protected":false},"author":19,"featured_media":235691,"comment_status":"closed","ping_status":"closed","sticky":false,"template":"","format":"standard","meta":{"footnotes":""},"categories":[6],"tags":[],"class_list":{"0":"post-235690","1":"post","2":"type-post","3":"status-publish","4":"format-standard","5":"has-post-thumbnail","7":"category-economia"},"_links":{"self":[{"href":"https:\/\/elluchador.info\/index.php?rest_route=\/wp\/v2\/posts\/235690","targetHints":{"allow":["GET"]}}],"collection":[{"href":"https:\/\/elluchador.info\/index.php?rest_route=\/wp\/v2\/posts"}],"about":[{"href":"https:\/\/elluchador.info\/index.php?rest_route=\/wp\/v2\/types\/post"}],"author":[{"embeddable":true,"href":"https:\/\/elluchador.info\/index.php?rest_route=\/wp\/v2\/users\/19"}],"replies":[{"embeddable":true,"href":"https:\/\/elluchador.info\/index.php?rest_route=%2Fwp%2Fv2%2Fcomments&post=235690"}],"version-history":[{"count":1,"href":"https:\/\/elluchador.info\/index.php?rest_route=\/wp\/v2\/posts\/235690\/revisions"}],"predecessor-version":[{"id":235692,"href":"https:\/\/elluchador.info\/index.php?rest_route=\/wp\/v2\/posts\/235690\/revisions\/235692"}],"wp:featuredmedia":[{"embeddable":true,"href":"https:\/\/elluchador.info\/index.php?rest_route=\/wp\/v2\/media\/235691"}],"wp:attachment":[{"href":"https:\/\/elluchador.info\/index.php?rest_route=%2Fwp%2Fv2%2Fmedia&parent=235690"}],"wp:term":[{"taxonomy":"category","embeddable":true,"href":"https:\/\/elluchador.info\/index.php?rest_route=%2Fwp%2Fv2%2Fcategories&post=235690"},{"taxonomy":"post_tag","embeddable":true,"href":"https:\/\/elluchador.info\/index.php?rest_route=%2Fwp%2Fv2%2Ftags&post=235690"}],"curies":[{"name":"wp","href":"https:\/\/api.w.org\/{rel}","templated":true}]}}