{"id":235917,"date":"2023-01-12T15:01:23","date_gmt":"2023-01-12T19:01:23","guid":{"rendered":"https:\/\/elluchador.info\/web\/?p=235917"},"modified":"2023-01-12T15:01:23","modified_gmt":"2023-01-12T19:01:23","slug":"cuatro-peb-detenidos-tras-incitacion-al-odio","status":"publish","type":"post","link":"https:\/\/elluchador.info\/?p=235917","title":{"rendered":"Cuatro PEB detenidos tras incitaci\u00f3n al odio"},"content":{"rendered":"<p>Un post que circul\u00f3 por las redes sociales invitando a funcionarios de la Polic\u00eda del estado Bol\u00edvar a un paro este viernes 13, a partir de las seis de la ma\u00f1ana, provoc\u00f3 la detenci\u00f3n de cuatro uniformados.<\/p>\n<p>La informaci\u00f3n se pudo conocer a trav\u00e9s de una fuente confiable, quien asegur\u00f3 que el abogado Marcos Ron y abogado Manuel Gonz\u00e1lez, fiscal primero y segundo del Ministerio P\u00fablico, solicitaron a un tribunal boletas de capturas contra los imputados.<\/p>\n<p>El post, menciona sobre la situaci\u00f3n que padecen uniformados por falta de dotaci\u00f3n y salario digno.<\/p>\n<p>Una vez que el volante digital circul\u00f3 por las redes sociales, se iniciaron las averiguaciones y posteriormente el director general de la PEB, puso a la orden del Ministerio P\u00fablico, a los siguientes oficiales; comisionado jefe Jean Carlos Sagaray, supervisor jefe Rhommer Ram\u00f3n Aponte, oficial agregado Jorge Luis P\u00e9rez Ugas y oficial agregado Jos\u00e9 Alexander Mu\u00f1oz.<\/p>\n<p>Los oficiales de la Polic\u00eda del estado Bol\u00edvar, ser\u00e1n presentados ante un tribunal de control por delito de incitaci\u00f3n al odio.<\/p>\n<p>Trascendi\u00f3 que la aprehensi\u00f3n de los uniformados caus\u00f3 malestar en las filas de la polic\u00eda.<\/p>\n<p>Exigen que sean liberados, por consideran que los oficiales son de conductas intachables.<\/p>\n<p>Denunciaron que este cuerpo de seguridad viene padeciendo por falta de recursos, en tanto que uniformados no cuentan con una p\u00f3liza de seguro que garantice hospitalizaci\u00f3n, cirug\u00eda y maternidad.<\/p>\n<p><strong>NUEVA PRENSA\u00a0<\/strong><\/p>\n","protected":false},"excerpt":{"rendered":"<p>Un post que circul\u00f3 por las redes sociales invitando a funcionarios de la Polic\u00eda del estado Bol\u00edvar a un paro este viernes 13, a partir de las seis de la ma\u00f1ana, provoc\u00f3 la detenci\u00f3n de cuatro uniformados. La informaci\u00f3n se pudo conocer a trav\u00e9s de una fuente confiable, quien asegur\u00f3 que el abogado Marcos Ron [&hellip;]<\/p>\n","protected":false},"author":33,"featured_media":235920,"comment_status":"closed","ping_status":"closed","sticky":false,"template":"","format":"standard","meta":{"footnotes":""},"categories":[5,12],"tags":[],"class_list":{"0":"post-235917","1":"post","2":"type-post","3":"status-publish","4":"format-standard","5":"has-post-thumbnail","7":"category-destacado","8":"category-regionales"},"_links":{"self":[{"href":"https:\/\/elluchador.info\/index.php?rest_route=\/wp\/v2\/posts\/235917","targetHints":{"allow":["GET"]}}],"collection":[{"href":"https:\/\/elluchador.info\/index.php?rest_route=\/wp\/v2\/posts"}],"about":[{"href":"https:\/\/elluchador.info\/index.php?rest_route=\/wp\/v2\/types\/post"}],"author":[{"embeddable":true,"href":"https:\/\/elluchador.info\/index.php?rest_route=\/wp\/v2\/users\/33"}],"replies":[{"embeddable":true,"href":"https:\/\/elluchador.info\/index.php?rest_route=%2Fwp%2Fv2%2Fcomments&post=235917"}],"version-history":[{"count":1,"href":"https:\/\/elluchador.info\/index.php?rest_route=\/wp\/v2\/posts\/235917\/revisions"}],"predecessor-version":[{"id":235922,"href":"https:\/\/elluchador.info\/index.php?rest_route=\/wp\/v2\/posts\/235917\/revisions\/235922"}],"wp:featuredmedia":[{"embeddable":true,"href":"https:\/\/elluchador.info\/index.php?rest_route=\/wp\/v2\/media\/235920"}],"wp:attachment":[{"href":"https:\/\/elluchador.info\/index.php?rest_route=%2Fwp%2Fv2%2Fmedia&parent=235917"}],"wp:term":[{"taxonomy":"category","embeddable":true,"href":"https:\/\/elluchador.info\/index.php?rest_route=%2Fwp%2Fv2%2Fcategories&post=235917"},{"taxonomy":"post_tag","embeddable":true,"href":"https:\/\/elluchador.info\/index.php?rest_route=%2Fwp%2Fv2%2Ftags&post=235917"}],"curies":[{"name":"wp","href":"https:\/\/api.w.org\/{rel}","templated":true}]}}