{"id":235973,"date":"2023-01-13T10:10:42","date_gmt":"2023-01-13T14:10:42","guid":{"rendered":"https:\/\/elluchador.info\/web\/?p=235973"},"modified":"2023-01-13T10:10:42","modified_gmt":"2023-01-13T14:10:42","slug":"tasa-de-desempleo-en-venezuela-disminuyo-en-2022-y-se-ubica-en-78","status":"publish","type":"post","link":"https:\/\/elluchador.info\/?p=235973","title":{"rendered":"Tasa de desempleo en Venezuela disminuy\u00f3 en 2022 y se ubica en 7,8 %"},"content":{"rendered":"<p>Este jueves, el presidente de la Rep\u00fablica Bolivariana de Venezuela, Nicol\u00e1s Maduro, resalt\u00f3 que se ha logrado disminuir la tasa de desempleo, el cual se ubica en un 7,8 %.<\/p>\n<p>\u00abSe logr\u00f3 avanzar sobre el tema del desempleo, hemos mejorado de manera modesta, pero significativa en la generaci\u00f3n de empleos en 1,1 %, y hoy el desempleo se coloca en 7,8 %, el cual nos obliga a impulsar pol\u00edticas para seguir bajando estos \u00edndices\u00bb, sostuvo el jefe de Estado.<\/p>\n<p>En tal sentido, el Ejecutivo indic\u00f3 que esto los impulsa para seguir disminuyendo en especial el desempleo juvenil, reactivando la Gran Misi\u00f3n Chamba Juvenil \u00abque se nos qued\u00f3 en el tintero\u00bb.<\/p>\n<p>\u00abSe fue desti\u00f1endo, se fue desdibujando, hay que ser cr\u00edticos y autocr\u00edticos, que la Gran Misi\u00f3n Chamba Juvenil, se perdi\u00f3 en el espacio y en el tiempo y ordeno que se retome, con los movimientos juveniles de las comunidades\u00bb, a\u00f1adi\u00f3.<\/p>\n<p>Cabe recalcar que el jefe de Estado, ofreci\u00f3 este jueves su Mensaje Anual a la Naci\u00f3n, donde dio importantes anuncios en los \u00e1mbitos econ\u00f3mico, social y pol\u00edtico para la Patria.<\/p>\n<p>Con informaci\u00f3n de www.vtv.gob.ve<\/p>\n","protected":false},"excerpt":{"rendered":"<p>Este jueves, el presidente de la Rep\u00fablica Bolivariana de Venezuela, Nicol\u00e1s Maduro, resalt\u00f3 que se ha logrado disminuir la tasa de desempleo, el cual se ubica en un 7,8 %. \u00abSe logr\u00f3 avanzar sobre el tema del desempleo, hemos mejorado de manera modesta, pero significativa en la generaci\u00f3n de empleos en 1,1 %, y hoy [&hellip;]<\/p>\n","protected":false},"author":19,"featured_media":235974,"comment_status":"closed","ping_status":"closed","sticky":false,"template":"","format":"standard","meta":{"footnotes":""},"categories":[6],"tags":[],"class_list":{"0":"post-235973","1":"post","2":"type-post","3":"status-publish","4":"format-standard","5":"has-post-thumbnail","7":"category-economia"},"_links":{"self":[{"href":"https:\/\/elluchador.info\/index.php?rest_route=\/wp\/v2\/posts\/235973","targetHints":{"allow":["GET"]}}],"collection":[{"href":"https:\/\/elluchador.info\/index.php?rest_route=\/wp\/v2\/posts"}],"about":[{"href":"https:\/\/elluchador.info\/index.php?rest_route=\/wp\/v2\/types\/post"}],"author":[{"embeddable":true,"href":"https:\/\/elluchador.info\/index.php?rest_route=\/wp\/v2\/users\/19"}],"replies":[{"embeddable":true,"href":"https:\/\/elluchador.info\/index.php?rest_route=%2Fwp%2Fv2%2Fcomments&post=235973"}],"version-history":[{"count":1,"href":"https:\/\/elluchador.info\/index.php?rest_route=\/wp\/v2\/posts\/235973\/revisions"}],"predecessor-version":[{"id":235975,"href":"https:\/\/elluchador.info\/index.php?rest_route=\/wp\/v2\/posts\/235973\/revisions\/235975"}],"wp:featuredmedia":[{"embeddable":true,"href":"https:\/\/elluchador.info\/index.php?rest_route=\/wp\/v2\/media\/235974"}],"wp:attachment":[{"href":"https:\/\/elluchador.info\/index.php?rest_route=%2Fwp%2Fv2%2Fmedia&parent=235973"}],"wp:term":[{"taxonomy":"category","embeddable":true,"href":"https:\/\/elluchador.info\/index.php?rest_route=%2Fwp%2Fv2%2Fcategories&post=235973"},{"taxonomy":"post_tag","embeddable":true,"href":"https:\/\/elluchador.info\/index.php?rest_route=%2Fwp%2Fv2%2Ftags&post=235973"}],"curies":[{"name":"wp","href":"https:\/\/api.w.org\/{rel}","templated":true}]}}