{"id":235985,"date":"2023-01-13T11:14:35","date_gmt":"2023-01-13T15:14:35","guid":{"rendered":"https:\/\/elluchador.info\/web\/?p=235985"},"modified":"2023-01-13T11:14:35","modified_gmt":"2023-01-13T15:14:35","slug":"fedeagro-registra-recuperacion-en-siembra-de-arroz-maiz-y-cana-de-azucar","status":"publish","type":"post","link":"https:\/\/elluchador.info\/?p=235985","title":{"rendered":"Fedeagro registra recuperaci\u00f3n en siembra de arroz, ma\u00edz y ca\u00f1a de az\u00facar"},"content":{"rendered":"<p>El primer vicepresidente de la Confederaci\u00f3n de la Asociaci\u00f3n de Productores Agropecuarios de Venezuela (Fedeagro), Osman Queron, asegur\u00f3 que durante el pasado a\u00f1o el sector registr\u00f3 una \u00abrecuperaci\u00f3n de \u00e1rea de siembra\u00bb y nuevos cultivos.<\/p>\n<p>Sostuvo que pese a que a\u00fan no se tiene la capacidad para abastecer el mercado nacional, al cierre del 2022 se alcanzaron aumentos en la producci\u00f3n respecto a los niveles obtenidos en el 2021.<\/p>\n<p>En una entrevista, inform\u00f3 que hay una notable recuperaci\u00f3n en la siembra de ca\u00f1a de az\u00facar, arroz, ma\u00edz.<\/p>\n<p>Quero coment\u00f3 que tambi\u00e9n se trabaja en la recuperaci\u00f3n de la producci\u00f3n de girasol. \u00abEstamos volviendo a ver de nuevo la siembra, una siembra tibia porque aproximadamente hay unas 5 mil hect\u00e1reas que se pudieron sembrar en el pa\u00eds\u00ab, acot\u00f3.<\/p>\n<p>El tambi\u00e9n presidente de Fedec\u00e1maras Portuguesa, destac\u00f3 que el reto para este a\u00f1o ser\u00e1 sostener los niveles alcanzados en el 2022 en los distintos rubros.<\/p>\n<p>Con informaci\u00f3n de unionradio.net<\/p>\n","protected":false},"excerpt":{"rendered":"<p>El primer vicepresidente de la Confederaci\u00f3n de la Asociaci\u00f3n de Productores Agropecuarios de Venezuela (Fedeagro), Osman Queron, asegur\u00f3 que durante el pasado a\u00f1o el sector registr\u00f3 una \u00abrecuperaci\u00f3n de \u00e1rea de siembra\u00bb y nuevos cultivos. Sostuvo que pese a que a\u00fan no se tiene la capacidad para abastecer el mercado nacional, al cierre del 2022 [&hellip;]<\/p>\n","protected":false},"author":19,"featured_media":235986,"comment_status":"closed","ping_status":"closed","sticky":false,"template":"","format":"standard","meta":{"footnotes":""},"categories":[6],"tags":[],"class_list":{"0":"post-235985","1":"post","2":"type-post","3":"status-publish","4":"format-standard","5":"has-post-thumbnail","7":"category-economia"},"_links":{"self":[{"href":"https:\/\/elluchador.info\/index.php?rest_route=\/wp\/v2\/posts\/235985","targetHints":{"allow":["GET"]}}],"collection":[{"href":"https:\/\/elluchador.info\/index.php?rest_route=\/wp\/v2\/posts"}],"about":[{"href":"https:\/\/elluchador.info\/index.php?rest_route=\/wp\/v2\/types\/post"}],"author":[{"embeddable":true,"href":"https:\/\/elluchador.info\/index.php?rest_route=\/wp\/v2\/users\/19"}],"replies":[{"embeddable":true,"href":"https:\/\/elluchador.info\/index.php?rest_route=%2Fwp%2Fv2%2Fcomments&post=235985"}],"version-history":[{"count":1,"href":"https:\/\/elluchador.info\/index.php?rest_route=\/wp\/v2\/posts\/235985\/revisions"}],"predecessor-version":[{"id":235987,"href":"https:\/\/elluchador.info\/index.php?rest_route=\/wp\/v2\/posts\/235985\/revisions\/235987"}],"wp:featuredmedia":[{"embeddable":true,"href":"https:\/\/elluchador.info\/index.php?rest_route=\/wp\/v2\/media\/235986"}],"wp:attachment":[{"href":"https:\/\/elluchador.info\/index.php?rest_route=%2Fwp%2Fv2%2Fmedia&parent=235985"}],"wp:term":[{"taxonomy":"category","embeddable":true,"href":"https:\/\/elluchador.info\/index.php?rest_route=%2Fwp%2Fv2%2Fcategories&post=235985"},{"taxonomy":"post_tag","embeddable":true,"href":"https:\/\/elluchador.info\/index.php?rest_route=%2Fwp%2Fv2%2Ftags&post=235985"}],"curies":[{"name":"wp","href":"https:\/\/api.w.org\/{rel}","templated":true}]}}