{"id":235988,"date":"2023-01-13T11:19:21","date_gmt":"2023-01-13T15:19:21","guid":{"rendered":"https:\/\/elluchador.info\/web\/?p=235988"},"modified":"2023-01-13T11:19:21","modified_gmt":"2023-01-13T15:19:21","slug":"retornan-al-pais-251-connacionales-desde-peru","status":"publish","type":"post","link":"https:\/\/elluchador.info\/?p=235988","title":{"rendered":"Retornan al pa\u00eds 251 connacionales desde Per\u00fa"},"content":{"rendered":"<p>Un grupo de 251 migrantes venezolanos regresaron al pa\u00eds desde Per\u00fa con el Plan Vuelta a la Patria, as\u00ed lo inform\u00f3 este viernes el canciller, Yv\u00e1n Gil.<\/p>\n<p>\u00abDamos la bienvenida a los 251 connacionales procedentes de Per\u00fa, quienes retornan a trav\u00e9s del Plan Vuelta a la Patria, para reencontrarse con sus familiares y emprender nuevos sue\u00f1os de vida en este suelo sagrado. iVenezuela los recibe con brazos abiertos!\u00bb, escribi\u00f3 Gil en su cuenta de Twitter.<\/p>\n<p>Un total de 2.060 migrantes regresaron a Venezuela en 2022 con el Plan Vuelta a la Patria, dijo el pasado diciembre el ministro de Transporte, Ram\u00f3n Vel\u00e1squez.<\/p>\n<blockquote class=\"twitter-tweet\" data-width=\"550\" data-dnt=\"true\">\n<p lang=\"es\" dir=\"ltr\">Damos la bienvenida a los 251 connacionales procedentes de Per\u00fa, quienes retornan a trav\u00e9s del Plan Vuelta a la Patria, para reencontrarse con sus familiares y emprender nuevos sue\u00f1os de vida en este suelo sagrado.<br \/>iVenezuela los recibe con brazos abiertos! <a href=\"https:\/\/t.co\/ytr4xaLRlM\">pic.twitter.com\/ytr4xaLRlM<\/a><\/p>\n<p>&mdash; Yvan Gil (@yvangil) <a href=\"https:\/\/twitter.com\/yvangil\/status\/1613861837887668225?ref_src=twsrc%5Etfw\">January 13, 2023<\/a><\/p><\/blockquote>\n<p><script async src=\"https:\/\/platform.twitter.com\/widgets.js\" charset=\"utf-8\"><\/script><\/p>\n<p>Con informaci\u00f3n de unionradio.net<\/p>\n","protected":false},"excerpt":{"rendered":"<p>Un grupo de 251 migrantes venezolanos regresaron al pa\u00eds desde Per\u00fa con el Plan Vuelta a la Patria, as\u00ed lo inform\u00f3 este viernes el canciller, Yv\u00e1n Gil. \u00abDamos la bienvenida a los 251 connacionales procedentes de Per\u00fa, quienes retornan a trav\u00e9s del Plan Vuelta a la Patria, para reencontrarse con sus familiares y emprender nuevos [&hellip;]<\/p>\n","protected":false},"author":19,"featured_media":235989,"comment_status":"closed","ping_status":"closed","sticky":false,"template":"","format":"standard","meta":{"footnotes":""},"categories":[9],"tags":[],"class_list":{"0":"post-235988","1":"post","2":"type-post","3":"status-publish","4":"format-standard","5":"has-post-thumbnail","7":"category-nacionales"},"_links":{"self":[{"href":"https:\/\/elluchador.info\/index.php?rest_route=\/wp\/v2\/posts\/235988","targetHints":{"allow":["GET"]}}],"collection":[{"href":"https:\/\/elluchador.info\/index.php?rest_route=\/wp\/v2\/posts"}],"about":[{"href":"https:\/\/elluchador.info\/index.php?rest_route=\/wp\/v2\/types\/post"}],"author":[{"embeddable":true,"href":"https:\/\/elluchador.info\/index.php?rest_route=\/wp\/v2\/users\/19"}],"replies":[{"embeddable":true,"href":"https:\/\/elluchador.info\/index.php?rest_route=%2Fwp%2Fv2%2Fcomments&post=235988"}],"version-history":[{"count":1,"href":"https:\/\/elluchador.info\/index.php?rest_route=\/wp\/v2\/posts\/235988\/revisions"}],"predecessor-version":[{"id":235990,"href":"https:\/\/elluchador.info\/index.php?rest_route=\/wp\/v2\/posts\/235988\/revisions\/235990"}],"wp:featuredmedia":[{"embeddable":true,"href":"https:\/\/elluchador.info\/index.php?rest_route=\/wp\/v2\/media\/235989"}],"wp:attachment":[{"href":"https:\/\/elluchador.info\/index.php?rest_route=%2Fwp%2Fv2%2Fmedia&parent=235988"}],"wp:term":[{"taxonomy":"category","embeddable":true,"href":"https:\/\/elluchador.info\/index.php?rest_route=%2Fwp%2Fv2%2Fcategories&post=235988"},{"taxonomy":"post_tag","embeddable":true,"href":"https:\/\/elluchador.info\/index.php?rest_route=%2Fwp%2Fv2%2Ftags&post=235988"}],"curies":[{"name":"wp","href":"https:\/\/api.w.org\/{rel}","templated":true}]}}