{"id":236002,"date":"2023-01-13T11:45:54","date_gmt":"2023-01-13T15:45:54","guid":{"rendered":"https:\/\/elluchador.info\/web\/?p=236002"},"modified":"2023-01-13T11:45:54","modified_gmt":"2023-01-13T15:45:54","slug":"devotos-se-reencuentran-este-sabado-con-la-divina-pastora","status":"publish","type":"post","link":"https:\/\/elluchador.info\/?p=236002","title":{"rendered":"Devotos se reencuentran este s\u00e1bado con la Divina Pastora"},"content":{"rendered":"<p>Luego de dos a\u00f1os de suspensi\u00f3n este s\u00e1bado 14 de enero la imagen de la Divina Pastora saldr\u00e1 nuevamente en procesi\u00f3n en su visita n\u00famero 165 a la ciudad de Barquisimeto.<\/p>\n<p>Tanto la iglesia como los organismos del estado afinan los detalles para recibir a los asistentes a una de las actividades religiosas m\u00e1s importante del continente latinoamericano.<\/p>\n<p>Debido a la pandemia del covid 19 durante los a\u00f1os 2020 y 2021 la imagen de la Divina Pastora paus\u00f3 su recorrido por Barquisimeto a pesar de esto se aplicaron modalidades virtuales y de movilizaci\u00f3n sin feligreses. Esta historia de 165 a\u00f1os comenz\u00f3 precisamente ante la llegada del c\u00f3lera al pa\u00eds y una promesa del padre Macario Y\u00e9pez de sacar a la imagen en procesi\u00f3n para que la virgen intercediera en el fin de la enfermedad gener\u00f3 toda esta.<\/p>\n<p>Devoci\u00f3n y muestras de fe multitudinarias que ha trascendido en muchas generaciones que contin\u00faan venerando a la virgen Pastora. La iglesia larense viene cumpliendo con el cronograma de misas y actividades desde el pasado 5 de enero.<\/p>\n<p>Padre Humberto Tirado p\u00e1rroco de Santa Rosa, asever\u00f3 que se mantiene el mismo recorrido hacia la Catedral de Barquisimeto.<\/p>\n<p>El pasado 5 de enero comenzaron las actividades con la bajada de la imagen de su trono. El vestido en esta ocasi\u00f3n fue confeccionado por el grupo de la iglesia Legi\u00f3n de Mar\u00eda por lo que el atuendo muestra referencias a esta organizaci\u00f3n religiosa con m\u00e1s de 100 a\u00f1os.<\/p>\n<p>En su mayor\u00eda los devotos a la virgen hacen peticiones y promesas a la imagen, las cuales al ser cumplidas generan un inmenso compromiso por acompa\u00f1ar a la divina pastora en procesi\u00f3n y agradecer por el bienestar de las familias\u2026<\/p>\n<p>Ana Granados devota, \u00bb le pido por salud de cada uno de los familiares, tenemos varios familiares que por la pandemia quedaron padeciendo varias condiciones de salud\u00bb.<\/p>\n<p>Muchos venezolanos que tomaron la decisi\u00f3n de salir de Venezuela y por alguna raz\u00f3n han regresado relatan la importancia de volver a estar cerca de la virgen y adem\u00e1s en pesar que sintieron al estar lejos y no poder estar en Barquisimeto durante los d\u00edas de enero.<\/p>\n<p>Marilyn L\u00f3pez, devota, expres\u00f3 no tener como explicar lo que siente por la virgen.<\/p>\n<p>La primera autoridad regional como lo es el gobernador Adolfo Pereira coment\u00f3 que durante esta visita se espera un ingreso de personas a l entidad considerable por lo que la ocupaci\u00f3n hotelera est\u00e1 copada para el pr\u00f3ximo fin de semana.<\/p>\n<p>Como es costumbre los organismos de seguridad participan activamente en la procesi\u00f3n, m\u00e1s de 8 mil funcionarios tantos militares como policiales velar\u00e1n por el buen desenvolvimiento del peregrinar de 7 kil\u00f3metros y medio.<\/p>\n<p>Es importante recordar que la asistencia a la procesi\u00f3n debe hacerse con ropa c\u00f3moda y de colores claros, contar con hidrataci\u00f3n y si las personas estar\u00e1n en compa\u00f1\u00eda de ni\u00f1os tener sumo cuidado con su ubicaci\u00f3n ya que por la multitud se registran muchos infantes extraviados.<\/p>\n<p>Estar\u00e1 prohibida la ingesta de alcohol\u2026 adem\u00e1s del uso de fuegos artificiales, material inflamable, armamentos y la colocaci\u00f3n de tarimas que no est\u00e9n autorizadas.<\/p>\n<p>Con informaci\u00f3n de unionradio.net<\/p>\n","protected":false},"excerpt":{"rendered":"<p>Luego de dos a\u00f1os de suspensi\u00f3n este s\u00e1bado 14 de enero la imagen de la Divina Pastora saldr\u00e1 nuevamente en procesi\u00f3n en su visita n\u00famero 165 a la ciudad de Barquisimeto. Tanto la iglesia como los organismos del estado afinan los detalles para recibir a los asistentes a una de las actividades religiosas m\u00e1s importante [&hellip;]<\/p>\n","protected":false},"author":19,"featured_media":236004,"comment_status":"closed","ping_status":"closed","sticky":false,"template":"","format":"standard","meta":{"footnotes":""},"categories":[9],"tags":[],"class_list":{"0":"post-236002","1":"post","2":"type-post","3":"status-publish","4":"format-standard","5":"has-post-thumbnail","7":"category-nacionales"},"_links":{"self":[{"href":"https:\/\/elluchador.info\/index.php?rest_route=\/wp\/v2\/posts\/236002","targetHints":{"allow":["GET"]}}],"collection":[{"href":"https:\/\/elluchador.info\/index.php?rest_route=\/wp\/v2\/posts"}],"about":[{"href":"https:\/\/elluchador.info\/index.php?rest_route=\/wp\/v2\/types\/post"}],"author":[{"embeddable":true,"href":"https:\/\/elluchador.info\/index.php?rest_route=\/wp\/v2\/users\/19"}],"replies":[{"embeddable":true,"href":"https:\/\/elluchador.info\/index.php?rest_route=%2Fwp%2Fv2%2Fcomments&post=236002"}],"version-history":[{"count":1,"href":"https:\/\/elluchador.info\/index.php?rest_route=\/wp\/v2\/posts\/236002\/revisions"}],"predecessor-version":[{"id":236005,"href":"https:\/\/elluchador.info\/index.php?rest_route=\/wp\/v2\/posts\/236002\/revisions\/236005"}],"wp:featuredmedia":[{"embeddable":true,"href":"https:\/\/elluchador.info\/index.php?rest_route=\/wp\/v2\/media\/236004"}],"wp:attachment":[{"href":"https:\/\/elluchador.info\/index.php?rest_route=%2Fwp%2Fv2%2Fmedia&parent=236002"}],"wp:term":[{"taxonomy":"category","embeddable":true,"href":"https:\/\/elluchador.info\/index.php?rest_route=%2Fwp%2Fv2%2Fcategories&post=236002"},{"taxonomy":"post_tag","embeddable":true,"href":"https:\/\/elluchador.info\/index.php?rest_route=%2Fwp%2Fv2%2Ftags&post=236002"}],"curies":[{"name":"wp","href":"https:\/\/api.w.org\/{rel}","templated":true}]}}