{"id":236037,"date":"2023-01-13T17:41:02","date_gmt":"2023-01-13T21:41:02","guid":{"rendered":"https:\/\/elluchador.info\/web\/?p=236037"},"modified":"2023-01-13T17:41:02","modified_gmt":"2023-01-13T21:41:02","slug":"las-grandes-tecnologicas-enfrentan-demandas-en-estados-unidos-por-afectar-la-salud-mental-de-los-jovenes","status":"publish","type":"post","link":"https:\/\/elluchador.info\/?p=236037","title":{"rendered":"Las grandes tecnol\u00f3gicas enfrentan demandas en Estados Unidos por afectar la salud mental de los j\u00f3venes"},"content":{"rendered":"<p class=\"paragraph\">Al igual que las industrias del tabaco, el petr\u00f3leo, las armas, los opi\u00e1ceos y los cigarrillos electr\u00f3nicos,\u00a0<b>las grandes empresas estadounidenses de redes sociales se enfrentan ahora a demandas\u00a0<\/b>interpuestas por entidades p\u00fablicas que pretenden\u00a0<b>responsabilizarlas de un enorme problema social: en su caso, la crisis de salud mental entre los j\u00f3venes.<\/b><\/p>\n<p class=\"paragraph\">Pero las nuevas demandas -una presentada por el distrito escolar p\u00fablico de Seattle la semana pasada, una segunda presentada por un distrito suburbano el lunes y casi con toda seguridad m\u00e1s en el futuro- se enfrentan a un camino legal incierto.<\/p>\n<p class=\"paragraph\">En el caso de la primera, el distrito escolar present\u00f3 la demanda en contra de los gigantes tecnol\u00f3gicos que poseen a TikTok, Instagram, Facebook, YouTube y Snapchat, en un intento por exigirles cuentas por la crisis de salud mental entre los j\u00f3venes. En la demanda de 91 p\u00e1ginas, que se interpuso el viernes en una corte federal,\u00a0<b>se asegura que las empresas de redes sociales han creado un desorden p\u00fablico al enfocar sus productos en los ni\u00f1os.<\/b><\/p>\n<p class=\"paragraph\">Culpa a las redes sociales del deterioro en la salud mental y trastornos de comportamiento, incluyendo ansiedad, depresi\u00f3n, trastornos alimenticios y acoso cibern\u00e9tico; complicando las labores de educar a los estudiantes; y obligando a las escuelas a tomar medidas como contratar a m\u00e1s profesionales en salud mental, desarrollar planes de estudio sobre los efectos de las redes sociales y proveer capacitaci\u00f3n adicional al personal docente.<\/p>\n<p class=\"paragraph\">\u201cLos acusados\u00a0<b>han explotado con \u00e9xito los cerebros vulnerables de la juventud<\/b>, enganchando a decenas de millones de estudiantes en todo el pa\u00eds en ciclos de retroalimentaci\u00f3n positiva por el uso excesivo y abuso de las plataformas de redes sociales de los acusados\u201d, indic\u00f3 la demanda. \u201cPeor a\u00fan, el contenido de los acusados creado y dirigido a la juventud a menudo resulta da\u00f1ino y explotador\u201d.<\/p>\n<p class=\"paragraph\">Meta, Google, Snap y TikTok no respondieron de inmediato a solicitudes de comentarios.<\/p>\n<div class=\"visual__image\"><img loading=\"lazy\" decoding=\"async\" class=\"\" src=\"https:\/\/cloudfront-us-east-1.images.arcpublishing.com\/infobae\/7WCRYVMV4BD2RNJJVDUBV5KZX4.jpg\" sizes=\"auto, (min-width: 800px) 50vw, 90vw\" srcset=\"https:\/\/www.infobae.com\/new-resizer\/ZCzo3Nq8F6GujnoVG2XgOVrfFOI=\/420x236\/filters:format(webp):quality(85)\/cloudfront-us-east-1.images.arcpublishing.com\/infobae\/7WCRYVMV4BD2RNJJVDUBV5KZX4.jpg 420w,https:\/\/www.infobae.com\/new-resizer\/Ba5i_k09KfE6BFd-skVMdRWGVMI=\/768x432\/filters:format(webp):quality(85)\/cloudfront-us-east-1.images.arcpublishing.com\/infobae\/7WCRYVMV4BD2RNJJVDUBV5KZX4.jpg 768w,https:\/\/www.infobae.com\/new-resizer\/C4RtGfXYdWFlIUanfRlXDJtiPdo=\/992x558\/filters:format(webp):quality(85)\/cloudfront-us-east-1.images.arcpublishing.com\/infobae\/7WCRYVMV4BD2RNJJVDUBV5KZX4.jpg 992w,https:\/\/www.infobae.com\/new-resizer\/ztdWURz84EKkndG0pL7IGtBGWro=\/1200x675\/filters:format(webp):quality(85)\/cloudfront-us-east-1.images.arcpublishing.com\/infobae\/7WCRYVMV4BD2RNJJVDUBV5KZX4.jpg 1200w,https:\/\/www.infobae.com\/new-resizer\/_mKkFJtJ9cwPldpvUKQ2ZnGhgQM=\/1440x810\/filters:format(webp):quality(85)\/cloudfront-us-east-1.images.arcpublishing.com\/infobae\/7WCRYVMV4BD2RNJJVDUBV5KZX4.jpg 1440w\" alt=\"Los algoritmos de las redes luchan por mantener la atenci\u00f3n de los usuarios (Getty)\" width=\"1920\" height=\"1080\" \/>Los algoritmos de las redes luchan por mantener la atenci\u00f3n de los usuarios (Getty)<\/div>\n<p class=\"paragraph\">Si bien la ley federal \u2014 secci\u00f3n 230 de la Ley de Decencia en las Comunicaciones \u2014 ayuda a proteger a las compa\u00f1\u00edas de internet de la responsabilidad como resultado de lo que terceros publican en sus plataformas,\u00a0<b>la demanda argumenta que la medida no protege el comportamiento de las empresas en este caso<\/b>.<\/p>\n<p class=\"paragraph\">\u201cLa parte demandante no arguye que los acusados son responsables de lo que terceros han dicho en las plataformas de los acusados, sino la propia conducta de los acusados\u201d, indica la demanda. \u201cLos acusados recomiendan de forma afirmativa y\u00a0<b>promueven contenido da\u00f1ino a los j\u00f3venes, como el contenido a favor de la anorexia y los trastornos alimenticios<\/b>\u201d.<\/p>\n<p class=\"paragraph\">La demanda asegura que entre 2009 y 2019, hubo en promedio un\u00a0<b>aumento del 30% en el n\u00famero de alumnos<\/b>\u00a0del distrito de escuelas p\u00fablicas de Seattle que reportaron haberse sentido \u201ctan\u00a0<b>tristes o desesperanzados<\/b>\u00a0casi todos los d\u00edas durante al menos dos semanas en fila\u201d al grado que dejaron de hacer sus actividades habituales.<\/p>\n<p class=\"paragraph\">El distrito escolar est\u00e1 pidiendo que la corte ordene a las compa\u00f1\u00edas dejar de crear molestias p\u00fablicas, otorgar compensaci\u00f3n, y pagar por educaci\u00f3n preventiva y tratamiento por uso excesivo y problem\u00e1tico de redes sociales.<\/p>\n<p class=\"paragraph\">Si bien cientos de familias han presentado demandas en contra de las empresas por da\u00f1os que han sufrido sus hijos a causa de las redes sociales, de momento se desconoce si otros distritos escolares han interpuesto denuncias similares a la de Seattle.<\/p>\n<div class=\"visual__image\"><img loading=\"lazy\" decoding=\"async\" class=\"\" src=\"https:\/\/cloudfront-us-east-1.images.arcpublishing.com\/infobae\/P56BN2NAHVBXZPUGVCJANG224E.jpg\" sizes=\"auto, (min-width: 800px) 50vw, 90vw\" srcset=\"https:\/\/www.infobae.com\/new-resizer\/8hNf7kDxzLwh_85QRjuCRgiwRm4=\/420x280\/filters:format(webp):quality(85)\/cloudfront-us-east-1.images.arcpublishing.com\/infobae\/P56BN2NAHVBXZPUGVCJANG224E.jpg 420w,https:\/\/www.infobae.com\/new-resizer\/EVTdj9b2OPx5HQNa2_0M-nm753U=\/768x512\/filters:format(webp):quality(85)\/cloudfront-us-east-1.images.arcpublishing.com\/infobae\/P56BN2NAHVBXZPUGVCJANG224E.jpg 768w,https:\/\/www.infobae.com\/new-resizer\/qvJL_QmcqkLobeKVgG0UDBtqgds=\/992x661\/filters:format(webp):quality(85)\/cloudfront-us-east-1.images.arcpublishing.com\/infobae\/P56BN2NAHVBXZPUGVCJANG224E.jpg 992w,https:\/\/www.infobae.com\/new-resizer\/d-as03NhrK7bDdbM11phvX17Gas=\/1200x800\/filters:format(webp):quality(85)\/cloudfront-us-east-1.images.arcpublishing.com\/infobae\/P56BN2NAHVBXZPUGVCJANG224E.jpg 1200w,https:\/\/www.infobae.com\/new-resizer\/OrYqPSpNQP14bKY90GR0zV3G0rg=\/1440x960\/filters:format(webp):quality(85)\/cloudfront-us-east-1.images.arcpublishing.com\/infobae\/P56BN2NAHVBXZPUGVCJANG224E.jpg 1440w\" alt=\" (Foto: Agencia Andina)\" width=\"1800\" height=\"1200\" \/>(Foto: Agencia Andina)<\/div>\n<h2 class=\"header\">El camino legal<\/h2>\n<p class=\"paragraph\">Est\u00e1 previsto que el Tribunal Supremo de EEUU examine el mes que viene hasta qu\u00e9 punto la legislaci\u00f3n federal protege a la industria tecnol\u00f3gica de este tipo de demandas cuando los algoritmos de las redes sociales difunden contenidos potencialmente nocivos.<\/p>\n<p class=\"paragraph\">Aunque el Tribunal Supremo autorizara demandas como la de Seattle, el distrito tiene ante s\u00ed el\u00a0<b>enorme reto de demostrar la responsabilidad del sector<\/b>.<\/p>\n<p class=\"paragraph\">Y la industria tecnol\u00f3gica insiste en que los efectos de las redes sociales en la salud mental de los adolescentes difieren en muchos aspectos de, por ejemplo, el papel de las grandes farmac\u00e9uticas en el fomento de la adicci\u00f3n a los opioides.<\/p>\n<p class=\"paragraph\">\u201cEl argumento subyacente es que la industria tecnol\u00f3gica es culpable del estado emocional de los adolescentes, porque hizo recomendaciones sobre contenidos que han causado da\u00f1os emocionales\u201d, dijo Carl Szabo, vicepresidente y consejero general de la asociaci\u00f3n comercial de la industria tecnol\u00f3gica NetChoice. \u201cSer\u00eda absurdo demandar a Barnes &amp; Noble porque un empleado recomend\u00f3 un libro que caus\u00f3 da\u00f1os emocionales o hizo sentir mal a un adolescente. Pero eso es exactamente lo que hace esta demanda\u201d.<\/p>\n<p class=\"paragraph\">\u201cNuestros alumnos -y los j\u00f3venes de todo el mundo- se enfrentan a\u00a0<b>dificultades sin precedentes en el aprendizaje y la vida, que se ven amplificadas por los efectos negativos del aumento del tiempo frente a la pantalla, los contenidos no filtrados y las propiedades potencialmente adictivas de las redes sociales<\/b>\u201d, declar\u00f3 el martes el superintendente de Seattle, Brent Jones, en un comunicado enviado por correo electr\u00f3nico. \u201cConfiamos y esperamos que esta demanda sea un paso significativo hacia la inversi\u00f3n de esta tendencia para nuestros estudiantes\u201d.<\/p>\n<p class=\"paragraph\">El argumento de que la ley federal no protege el comportamiento de los gigantes tecnol\u00f3gicos en este caso, en el que sus propios algoritmos promueven contenidos nocivos, tambi\u00e9n es la cuesti\u00f3n de fondo en el\u00a0<b>caso Gonz\u00e1lez contra Google<\/b>, la empresa matriz de YouTube, que se presentar\u00e1 ante el Tribunal Supremo el 21 de febrero. En ese caso, la familia de una mujer estadounidense asesinada en un atentado del grupo\u00a0<b>Estado Isl\u00e1mico<\/b>\u00a0en Par\u00eds en 2015 alega que los algoritmos de YouTube ayudaron al reclutamiento del grupo terrorista.<\/p>\n<p class=\"paragraph\">Si la decisi\u00f3n del alto tribunal deja claro que las empresas tecnol\u00f3gicas pueden ser consideradas responsables en estos casos, los distritos escolares tendr\u00e1n que demostrar que las redes sociales fueron las culpables.<\/p>\n<p class=\"paragraph\">Pero Szabo se\u00f1al\u00f3 que las tasas de graduaci\u00f3n de Seattle han ido en aumento desde 2019, durante una \u00e9poca en la que muchos ni\u00f1os depend\u00edan de las redes sociales para mantenerse en contacto con sus amigos durante la pandemia. Si los medios sociales fueran realmente tan perjudiciales para los esfuerzos educativos del distrito, la tasa de graduaci\u00f3n no estar\u00eda aumentando, sugiri\u00f3.<\/p>\n<div class=\"visual__image\"><img loading=\"lazy\" decoding=\"async\" class=\"\" src=\"https:\/\/cloudfront-us-east-1.images.arcpublishing.com\/infobae\/B64MVHI2SJC57EZOFSE7ZVNH4M.jpg\" sizes=\"auto, (min-width: 800px) 50vw, 90vw\" srcset=\"https:\/\/www.infobae.com\/new-resizer\/lErv-B2qtokBEUOiyM8gakQzkao=\/420x236\/filters:format(webp):quality(85)\/cloudfront-us-east-1.images.arcpublishing.com\/infobae\/B64MVHI2SJC57EZOFSE7ZVNH4M.jpg 420w,https:\/\/www.infobae.com\/new-resizer\/SJhjmvD95WclNbJgb2JM6YiaH0E=\/768x432\/filters:format(webp):quality(85)\/cloudfront-us-east-1.images.arcpublishing.com\/infobae\/B64MVHI2SJC57EZOFSE7ZVNH4M.jpg 768w,https:\/\/www.infobae.com\/new-resizer\/EdgHb8mtqATiNlUu3etWDywQwuI=\/992x558\/filters:format(webp):quality(85)\/cloudfront-us-east-1.images.arcpublishing.com\/infobae\/B64MVHI2SJC57EZOFSE7ZVNH4M.jpg 992w,https:\/\/www.infobae.com\/new-resizer\/Cm8lyYcbZnREIcxNt1H_RmaoSnw=\/1200x675\/filters:format(webp):quality(85)\/cloudfront-us-east-1.images.arcpublishing.com\/infobae\/B64MVHI2SJC57EZOFSE7ZVNH4M.jpg 1200w,https:\/\/www.infobae.com\/new-resizer\/76HJyiJR5bbRE3dfy4M924a-ihA=\/1440x810\/filters:format(webp):quality(85)\/cloudfront-us-east-1.images.arcpublishing.com\/infobae\/B64MVHI2SJC57EZOFSE7ZVNH4M.jpg 1440w\" alt=\"Seg\u00fan estudios, los j\u00f3venes que pasan m\u00e1s de dos horas al d\u00eda en sitios de redes sociales son m\u00e1s propensos a padecer problemas psicol\u00f3gicos (iStock)\n\" width=\"1920\" height=\"1080\" \/>Seg\u00fan estudios, los j\u00f3venes que pasan m\u00e1s de dos horas al d\u00eda en sitios de redes sociales son m\u00e1s propensos a padecer problemas psicol\u00f3gicos (iStock)<\/div>\n<p class=\"paragraph\">\u201cLa demanda se centra \u00fanicamente en c\u00f3mo las redes sociales perjudican a los ni\u00f1os, y puede que haya pruebas de ello\u201d, afirma Eric Goldman, profesor de la Facultad de Derecho de la Universidad de Santa Clara, en Silicon Valley. \u201cPero\u00a0<b>tambi\u00e9n hay muchas pruebas de que las redes sociales benefician a los adolescentes y a otros ni\u00f1os<\/b>. Lo que\u00a0<b>no sabemos es c\u00f3mo ser\u00eda la tasa de angustia sin las redes sociales<\/b>. Es posible que la tasa de angustia fuera mayor, no menor\u201d.<\/p>\n<p class=\"paragraph\">Las empresas han insistido en que se toman en serio la seguridad de sus usuarios, especialmente de los ni\u00f1os, y han introducido herramientas para facilitar que los padres sepan con qui\u00e9n contactan sus hijos; han hecho m\u00e1s prominentes los recursos de salud mental, incluido el nuevo tel\u00e9fono de crisis 988; y han mejorado la verificaci\u00f3n de la edad y los l\u00edmites de tiempo de pantalla.<\/p>\n<p class=\"paragraph\">\u201cConfiguramos autom\u00e1ticamente las cuentas de los adolescentes como privadas cuando se unen a Instagram, y les enviamos notificaciones anim\u00e1ndoles a tomarse descansos regulares\u201d, dijo Anitigone Davis, responsable global de seguridad de Meta, en un comunicado enviado por correo electr\u00f3nico. \u201cNo permitimos contenidos que promuevan el suicidio, las autolesiones o los trastornos alimentarios, y de los contenidos que eliminamos o sobre los que tomamos medidas, identificamos m\u00e1s del 99% antes de que se nos denuncie.\u201d<\/p>\n<p class=\"paragraph\">La ex empleada de Facebook\u00a0<b>Frances Haugen<\/b>\u00a0revel\u00f3 en 2021\u00a0<b>estudios internos que demostraban que la empresa sab\u00eda que Instagram afectaba negativamente a los adolescentes<\/b>\u00a0al perjudicar su imagen corporal y empeorar los trastornos alimentarios y los pensamientos suicidas. Haugen aleg\u00f3 que\u00a0<b>la plataforma dio prioridad a los beneficios frente a la seguridad<\/b>\u00a0y ocult\u00f3 sus investigaciones a los inversores y al p\u00fablico.<\/p>\n<p class=\"paragraph\">Josh Golin, director ejecutivo de Fairplay, una organizaci\u00f3n sin \u00e1nimo de lucro que trabaja para aislar a los ni\u00f1os de la comercializaci\u00f3n y el marketing, afirma que aunque las redes sociales beneficien a algunos estudiantes, eso no borra el grave da\u00f1o que causan a muchos otros.<\/p>\n<p class=\"paragraph\">\u201cLos costes para la salud mental de los estudiantes, la cantidad de tiempo que las escuelas tienen que dedicar a vigilar y responder al drama de las redes sociales, son exorbitantes\u201d, dijo Golin. \u201cEs rid\u00edculo que las escuelas sean responsables de los da\u00f1os causados por estas plataformas de medios sociales a los j\u00f3venes.\u00a0<b>Nadie est\u00e1 viendo los tipos de efectos acumulativos que los medios sociales est\u00e1n causando<\/b>\u00a0en la medida en que lo est\u00e1n haciendo los distritos escolares.\u201d<\/p>\n<p class=\"paragraph\">Ambos casos se presentaron ante el Tribunal de Distrito de Seattle, pero se basan en la ley estatal de\u00a0<b>alteraci\u00f3n del orden p\u00fablico,<\/b>\u00a0un concepto jur\u00eddico amplio y vagamente definido cuyos or\u00edgenes se remontan al menos a la Inglaterra del siglo XIII. En Washington, la alteraci\u00f3n del orden p\u00fablico se define, en parte, como \u201ctodo acto realizado ilegalmente y toda omisi\u00f3n en el cumplimiento de un deber\u201d que \u201cmoleste, perjudique o ponga en peligro la seguridad, la salud, la comodidad o el descanso de un n\u00famero considerable de personas\u201d.<\/p>\n<p class=\"paragraph\">Las demandas por alteraci\u00f3n del orden p\u00fablico contribuyeron a que la industria tabacalera llegara en 1998 a un acuerdo con los estados por valor de 246.000 millones de d\u00f3lares en 25 a\u00f1os. Pero la ley de alteraci\u00f3n del orden p\u00fablico tambi\u00e9n ha sido, al menos en parte, la base de los litigios entablados por gobiernos estatales, municipales, de condado o tribales para responsabilizar a las petroleras del cambio clim\u00e1tico, a la industria armament\u00edstica de la violencia armada, a la industria farmac\u00e9utica de la crisis de los opioides y a las empresas de vaping, como Juul, del vaping entre los adolescentes.<\/p>\n<p class=\"paragraph\">Gran parte de los litigios est\u00e1n en curso. Juul Labs acord\u00f3 el mes pasado llegar a un acuerdo en miles de demandas -incluidas 1.400 de distritos escolares, ciudades y condados- por un importe de 1.200 millones de d\u00f3lares.<\/p>\n<p class=\"paragraph\">El litigio de Seattle tiene el potencial de provocar un cambio masivo, lo que suscita dudas sobre la conveniencia de abordar los grandes problemas de la sociedad en los tribunales en lugar de a trav\u00e9s de la legislaci\u00f3n. Sin embargo, el riesgo para el distrito escolar es m\u00ednimo, ya que un bufete de abogados privado present\u00f3 la demanda sobre la base de una contingencia en la que el bufete s\u00f3lo cobra si el caso prospera.<\/p>\n<p class=\"paragraph\">Jolina Cuaresma, asesora principal de privacidad y pol\u00edtica tecnol\u00f3gica de Common Sense Media, cuyo objetivo es hacer que los medios de comunicaci\u00f3n sean m\u00e1s seguros para los ni\u00f1os, dijo que estaba encantada de ver a un distrito escolar presentar una demanda por alteraci\u00f3n del orden p\u00fablico contra las empresas tecnol\u00f3gicas.<\/p>\n<p class=\"paragraph\"><b>\u201cLa gente se ha cansado de esperar a que el Congreso haga algo<\/b>\u201d, dijo.<\/p>\n<p class=\"paragraph\"><i>(Con informaci\u00f3n de AP)<\/i><\/p>\n","protected":false},"excerpt":{"rendered":"<p>Al igual que las industrias del tabaco, el petr\u00f3leo, las armas, los opi\u00e1ceos y los cigarrillos electr\u00f3nicos,\u00a0las grandes empresas estadounidenses de redes sociales se enfrentan ahora a demandas\u00a0interpuestas por entidades p\u00fablicas que pretenden\u00a0responsabilizarlas de un enorme problema social: en su caso, la crisis de salud mental entre los j\u00f3venes. Pero las nuevas demandas -una presentada [&hellip;]<\/p>\n","protected":false},"author":19,"featured_media":236038,"comment_status":"closed","ping_status":"closed","sticky":false,"template":"","format":"standard","meta":{"footnotes":""},"categories":[19],"tags":[],"class_list":{"0":"post-236037","1":"post","2":"type-post","3":"status-publish","4":"format-standard","5":"has-post-thumbnail","7":"category-salud"},"_links":{"self":[{"href":"https:\/\/elluchador.info\/index.php?rest_route=\/wp\/v2\/posts\/236037","targetHints":{"allow":["GET"]}}],"collection":[{"href":"https:\/\/elluchador.info\/index.php?rest_route=\/wp\/v2\/posts"}],"about":[{"href":"https:\/\/elluchador.info\/index.php?rest_route=\/wp\/v2\/types\/post"}],"author":[{"embeddable":true,"href":"https:\/\/elluchador.info\/index.php?rest_route=\/wp\/v2\/users\/19"}],"replies":[{"embeddable":true,"href":"https:\/\/elluchador.info\/index.php?rest_route=%2Fwp%2Fv2%2Fcomments&post=236037"}],"version-history":[{"count":1,"href":"https:\/\/elluchador.info\/index.php?rest_route=\/wp\/v2\/posts\/236037\/revisions"}],"predecessor-version":[{"id":236039,"href":"https:\/\/elluchador.info\/index.php?rest_route=\/wp\/v2\/posts\/236037\/revisions\/236039"}],"wp:featuredmedia":[{"embeddable":true,"href":"https:\/\/elluchador.info\/index.php?rest_route=\/wp\/v2\/media\/236038"}],"wp:attachment":[{"href":"https:\/\/elluchador.info\/index.php?rest_route=%2Fwp%2Fv2%2Fmedia&parent=236037"}],"wp:term":[{"taxonomy":"category","embeddable":true,"href":"https:\/\/elluchador.info\/index.php?rest_route=%2Fwp%2Fv2%2Fcategories&post=236037"},{"taxonomy":"post_tag","embeddable":true,"href":"https:\/\/elluchador.info\/index.php?rest_route=%2Fwp%2Fv2%2Ftags&post=236037"}],"curies":[{"name":"wp","href":"https:\/\/api.w.org\/{rel}","templated":true}]}}