{"id":236060,"date":"2023-01-13T18:16:13","date_gmt":"2023-01-13T22:16:13","guid":{"rendered":"https:\/\/elluchador.info\/web\/?p=236060"},"modified":"2023-01-13T18:16:13","modified_gmt":"2023-01-13T22:16:13","slug":"fedeagro-reporta-recuperacion-en-la-siembra-de-arroz-maiz-y-cana-de-azucar","status":"publish","type":"post","link":"https:\/\/elluchador.info\/?p=236060","title":{"rendered":"Fedeagro reporta recuperaci\u00f3n en la siembra de arroz, ma\u00edz y ca\u00f1a de az\u00facar"},"content":{"rendered":"<p>Osman Queron, representante de Fedeagro, asegur\u00f3 que durante 2022 el sector registr\u00f3 una\u00a0\u00abrecuperaci\u00f3n de \u00e1rea de siembra\u00bb y nuevos cultivos.<\/p>\n<p>Sostuvo que pese a que a\u00fan no se tiene la capacidad para abastecer el mercado nacional, al cierre de 2022 se alcanzaron aumentos en la producci\u00f3n\u00a0respecto a los niveles obtenidos en el 2021.<\/p>\n<p>El gremialista precis\u00f3 que hay una notable recuperaci\u00f3n en la siembra de\u00a0ca\u00f1a de az\u00facar, arroz, ma\u00edz.<\/p>\n<p>Igualmente, coment\u00f3 que se trabaja en la recuperaci\u00f3n de la producci\u00f3n de girasol. \u201cEstamos volviendo a ver de nuevo la siembra, una siembra tibia porque aproximadamente hay unas\u00a05 mil hect\u00e1reas que se pudieron sembrar en el pa\u00eds\u201d dijo.<\/p>\n<p>El tambi\u00e9n presidente de Fedec\u00e1maras Portuguesa, destac\u00f3 que el reto para este a\u00f1o ser\u00e1 sostener los niveles alcanzados en el 2022 en los distintos rubros.<\/p>\n<p>Uni\u00f3n Radio<\/p>\n","protected":false},"excerpt":{"rendered":"<p>Osman Queron, representante de Fedeagro, asegur\u00f3 que durante 2022 el sector registr\u00f3 una\u00a0\u00abrecuperaci\u00f3n de \u00e1rea de siembra\u00bb y nuevos cultivos. Sostuvo que pese a que a\u00fan no se tiene la capacidad para abastecer el mercado nacional, al cierre de 2022 se alcanzaron aumentos en la producci\u00f3n\u00a0respecto a los niveles obtenidos en el 2021. El gremialista [&hellip;]<\/p>\n","protected":false},"author":19,"featured_media":236061,"comment_status":"closed","ping_status":"closed","sticky":false,"template":"","format":"standard","meta":{"footnotes":""},"categories":[9],"tags":[],"class_list":{"0":"post-236060","1":"post","2":"type-post","3":"status-publish","4":"format-standard","5":"has-post-thumbnail","7":"category-nacionales"},"_links":{"self":[{"href":"https:\/\/elluchador.info\/index.php?rest_route=\/wp\/v2\/posts\/236060","targetHints":{"allow":["GET"]}}],"collection":[{"href":"https:\/\/elluchador.info\/index.php?rest_route=\/wp\/v2\/posts"}],"about":[{"href":"https:\/\/elluchador.info\/index.php?rest_route=\/wp\/v2\/types\/post"}],"author":[{"embeddable":true,"href":"https:\/\/elluchador.info\/index.php?rest_route=\/wp\/v2\/users\/19"}],"replies":[{"embeddable":true,"href":"https:\/\/elluchador.info\/index.php?rest_route=%2Fwp%2Fv2%2Fcomments&post=236060"}],"version-history":[{"count":1,"href":"https:\/\/elluchador.info\/index.php?rest_route=\/wp\/v2\/posts\/236060\/revisions"}],"predecessor-version":[{"id":236062,"href":"https:\/\/elluchador.info\/index.php?rest_route=\/wp\/v2\/posts\/236060\/revisions\/236062"}],"wp:featuredmedia":[{"embeddable":true,"href":"https:\/\/elluchador.info\/index.php?rest_route=\/wp\/v2\/media\/236061"}],"wp:attachment":[{"href":"https:\/\/elluchador.info\/index.php?rest_route=%2Fwp%2Fv2%2Fmedia&parent=236060"}],"wp:term":[{"taxonomy":"category","embeddable":true,"href":"https:\/\/elluchador.info\/index.php?rest_route=%2Fwp%2Fv2%2Fcategories&post=236060"},{"taxonomy":"post_tag","embeddable":true,"href":"https:\/\/elluchador.info\/index.php?rest_route=%2Fwp%2Fv2%2Ftags&post=236060"}],"curies":[{"name":"wp","href":"https:\/\/api.w.org\/{rel}","templated":true}]}}