{"id":236084,"date":"2023-01-13T18:53:54","date_gmt":"2023-01-13T22:53:54","guid":{"rendered":"https:\/\/elluchador.info\/web\/?p=236084"},"modified":"2023-01-13T18:53:54","modified_gmt":"2023-01-13T22:53:54","slug":"yandel-lanza-su-disco-resistencia","status":"publish","type":"post","link":"https:\/\/elluchador.info\/?p=236084","title":{"rendered":"Yandel lanza su disco \u00abResistencia\u00bb"},"content":{"rendered":"<p>El cantante puertorrique\u00f1o Yandel lanz\u00f3 este viernes su nuevo disco en solitario, \u00abResistencia\u00ab, escogi\u00f3 este t\u00edtulo porque asegura que sigue \u00abfirme\u00bb ante cualquier \u00abpresi\u00f3n\u00bb del tiempo, a\u00f1os o transiciones personales o profesionales.<\/p>\n<p>\u00ab\u2018Resistencia\u2019 es un proyecto que define lo que estoy viviendo en estos momentos, porque no importa la fuerza, la presi\u00f3n, ya sea del tiempo, de los a\u00f1os, o transiciones, yo sigo aqu\u00ed, firme\u00bb, dijo\u00a0Llandel Vegilla, nombre de pila del artista, en un comunicado de prensa.<\/p>\n<p>Igualmente, sostuvo que el nombre de \u00abResistencia\u00bb es por estar \u00abresistiendo el movimiento, sin alterar mi esencia, y exponiendo todas las facetas que hay en cada parte de m\u00ed\u00bb.<\/p>\n<p>\u00abResistencia\u00bb, el s\u00e9ptimo disco en solitario de Yandel y que se estrena un d\u00eda antes de su cumplea\u00f1os 45, cuenta con 17 invitados.<\/p>\n<p>Estos son su eterno compa\u00f1ero de d\u00fao, Wisin, Eladio Carri\u00f3n, Maluma, Feid, Arc\u00e1ngel, Baby Rasta y Gringo, \u00d1ejo y D\u00e1lmata, Tempo, Franco \u00abEl Gorila\u00bb, Young Miko, Catalyna, Farina, Gadiel, Ery y Tiago PZK.<\/p>\n<p>El tema junto al colombiano Feid, \u00abYandel 150\u00bb, se encuentra actualmente en la listas Top 50 Globales de Spotify.<\/p>\n<p>EFE<\/p>\n","protected":false},"excerpt":{"rendered":"<p>El cantante puertorrique\u00f1o Yandel lanz\u00f3 este viernes su nuevo disco en solitario, \u00abResistencia\u00ab, escogi\u00f3 este t\u00edtulo porque asegura que sigue \u00abfirme\u00bb ante cualquier \u00abpresi\u00f3n\u00bb del tiempo, a\u00f1os o transiciones personales o profesionales. \u00ab\u2018Resistencia\u2019 es un proyecto que define lo que estoy viviendo en estos momentos, porque no importa la fuerza, la presi\u00f3n, ya sea del [&hellip;]<\/p>\n","protected":false},"author":19,"featured_media":236085,"comment_status":"closed","ping_status":"closed","sticky":false,"template":"","format":"standard","meta":{"footnotes":""},"categories":[7],"tags":[],"class_list":{"0":"post-236084","1":"post","2":"type-post","3":"status-publish","4":"format-standard","5":"has-post-thumbnail","7":"category-entretenimiento"},"_links":{"self":[{"href":"https:\/\/elluchador.info\/index.php?rest_route=\/wp\/v2\/posts\/236084","targetHints":{"allow":["GET"]}}],"collection":[{"href":"https:\/\/elluchador.info\/index.php?rest_route=\/wp\/v2\/posts"}],"about":[{"href":"https:\/\/elluchador.info\/index.php?rest_route=\/wp\/v2\/types\/post"}],"author":[{"embeddable":true,"href":"https:\/\/elluchador.info\/index.php?rest_route=\/wp\/v2\/users\/19"}],"replies":[{"embeddable":true,"href":"https:\/\/elluchador.info\/index.php?rest_route=%2Fwp%2Fv2%2Fcomments&post=236084"}],"version-history":[{"count":1,"href":"https:\/\/elluchador.info\/index.php?rest_route=\/wp\/v2\/posts\/236084\/revisions"}],"predecessor-version":[{"id":236086,"href":"https:\/\/elluchador.info\/index.php?rest_route=\/wp\/v2\/posts\/236084\/revisions\/236086"}],"wp:featuredmedia":[{"embeddable":true,"href":"https:\/\/elluchador.info\/index.php?rest_route=\/wp\/v2\/media\/236085"}],"wp:attachment":[{"href":"https:\/\/elluchador.info\/index.php?rest_route=%2Fwp%2Fv2%2Fmedia&parent=236084"}],"wp:term":[{"taxonomy":"category","embeddable":true,"href":"https:\/\/elluchador.info\/index.php?rest_route=%2Fwp%2Fv2%2Fcategories&post=236084"},{"taxonomy":"post_tag","embeddable":true,"href":"https:\/\/elluchador.info\/index.php?rest_route=%2Fwp%2Fv2%2Ftags&post=236084"}],"curies":[{"name":"wp","href":"https:\/\/api.w.org\/{rel}","templated":true}]}}