{"id":236111,"date":"2023-01-13T19:27:07","date_gmt":"2023-01-13T23:27:07","guid":{"rendered":"https:\/\/elluchador.info\/web\/?p=236111"},"modified":"2023-01-13T19:27:07","modified_gmt":"2023-01-13T23:27:07","slug":"ostosidades-el-rostro-de-las-caricaturas-de-la-ciudad","status":"publish","type":"post","link":"https:\/\/elluchador.info\/?p=236111","title":{"rendered":"Ostosidades: El rostro de las caricaturas de la Ciudad"},"content":{"rendered":"<p>Hablar de Ostosidades es referirse a Edgar Osto, el reconocido Caricaturista, creador de m\u00e1s de 1000 caricaturas que andan rodando por toda Venezuela y fuera del pa\u00eds.<\/p>\n<p>Nos dice: Soy sabanitero con orgullo, nacido en Ciudad Bol\u00edvar, por ello mi sentimiento y relaci\u00f3n con la mayor\u00eda de mis caricaturas es con el realce de esta emblem\u00e1tica ciudad y el puente Angostura.<\/p>\n<p>Antes de preguntar una an\u00e9cdota, \u00e9l mismo se adelant\u00f3 y cont\u00f3: \u201cLo m\u00e1s ocurrente fue cuando me robaron una caricatura. Estaba en una exhibici\u00f3n por la avenida Libertador, y all\u00ed pasaron unos mucha<img loading=\"lazy\" decoding=\"async\" class=\"size-medium wp-image-236114 alignright\" src=\"https:\/\/elluchador.info\/web\/wp-content\/uploads\/2023\/01\/2-5-300x300.jpg\" alt=\"\" width=\"300\" height=\"300\" srcset=\"https:\/\/elluchador.info\/wp-content\/uploads\/2023\/01\/2-5-300x300.jpg 300w, https:\/\/elluchador.info\/wp-content\/uploads\/2023\/01\/2-5-150x150.jpg 150w, https:\/\/elluchador.info\/wp-content\/uploads\/2023\/01\/2-5-768x768.jpg 768w, https:\/\/elluchador.info\/wp-content\/uploads\/2023\/01\/2-5-420x420.jpg 420w, https:\/\/elluchador.info\/wp-content\/uploads\/2023\/01\/2-5-640x640.jpg 640w, https:\/\/elluchador.info\/wp-content\/uploads\/2023\/01\/2-5-681x681.jpg 681w, https:\/\/elluchador.info\/wp-content\/uploads\/2023\/01\/2-5.jpg 925w\" sizes=\"auto, (max-width: 300px) 100vw, 300px\" \/>chos y me llevaron la caricatura, puse la denuncia, fui con la polic\u00eda en la b\u00fasqueda, pero no logramos rescatarla\u201d. Quiz\u00e1 para alguno sea algo insignificante, pero para un caricaturista es un trabajo de mucho valor.<\/p>\n<p>Osto tiene m\u00e1s de 30 a\u00f1os de trayectoria y no solo se ha dedicado al trabajo de caricaturista, tambi\u00e9n es TSU en Publicidad y Mercadeo y pr\u00f3ximamente se graduar\u00e1 como licenciado en Educaci\u00f3n.<\/p>\n<p>Entre risas y otras an\u00e9cdotas, el artista pl\u00e1stico tambi\u00e9n hizo menci\u00f3n de un libro que le ayudaron a publicar, donde tiene una recopilaci\u00f3n de m\u00e1s de 100 caricaturas.<\/p>\n<p>\u201cLa presentaci\u00f3n de mi libro fue algo cacheroso, como dijera el alcalde Sergio; pero en el a\u00f1o que se public\u00f3 en esa oportunidad fue el exalcalde Am\u00e9rico de Grazia (municipio Piar), quien me ayud\u00f3 con la publicaci\u00f3n\u201d, dijo.<\/p>\n<p><strong>\u00bfC\u00f3mo nace la idea ser caricaturista?<\/strong><\/p>\n<p>Por razones de la vida, con mi pap\u00e1, me mud\u00e9 a Caracas, all\u00ed estudi\u00e9 primaria, y posterior nos mudamos a Miranda (Los Valles del Tuy), en el urbanismo de Cartanal, en esa zona estudi\u00e9 mi bachillerato. Siempre me gust\u00f3 dibujar, recuerdo que le hice, a los 10 a\u00f1os, un dibujo a mi padre; a\u00fan lo conservo.<\/p>\n<p>En el a\u00f1o 86, cuando ten\u00eda 12 o 13 a\u00f1os, realic\u00e9 un dibujo parecido a un afiche, yo <img loading=\"lazy\" decoding=\"async\" class=\"size-medium wp-image-236115 alignleft\" src=\"https:\/\/elluchador.info\/web\/wp-content\/uploads\/2023\/01\/3-256x300.png\" alt=\"\" width=\"256\" height=\"300\" srcset=\"https:\/\/elluchador.info\/wp-content\/uploads\/2023\/01\/3-256x300.png 256w, https:\/\/elluchador.info\/wp-content\/uploads\/2023\/01\/3-874x1024.png 874w, https:\/\/elluchador.info\/wp-content\/uploads\/2023\/01\/3-768x900.png 768w, https:\/\/elluchador.info\/wp-content\/uploads\/2023\/01\/3-359x420.png 359w, https:\/\/elluchador.info\/wp-content\/uploads\/2023\/01\/3-300x350.png 300w, https:\/\/elluchador.info\/wp-content\/uploads\/2023\/01\/3-341x400.png 341w, https:\/\/elluchador.info\/wp-content\/uploads\/2023\/01\/3-640x750.png 640w, https:\/\/elluchador.info\/wp-content\/uploads\/2023\/01\/3-681x798.png 681w, https:\/\/elluchador.info\/wp-content\/uploads\/2023\/01\/3.png 1080w\" sizes=\"auto, (max-width: 256px) 100vw, 256px\" \/>empec\u00e9 a dibujar a un ni\u00f1o pintando con una brocha en una escalera, otro sembrando una mata, y otro con algo que ten\u00eda que ver con conservaci\u00f3n, me inspir\u00e9 tanto que fue una especie de afiche, y le coloqu\u00e9 unas letras, ah\u00ed pudiera decir que descubr\u00ed algo que me gusta, eso que llaman caricatura. Adem\u00e1s, en ese mismo tiempo, recuerdo que en la entrada de la escuela encontr\u00e9 la p\u00e1gina de un peri\u00f3dico tirada, y esa p\u00e1gina era de color rosado, y me atrajo porque era caricatura del maestro Sancho, en el Diario 2001 hab\u00eda un espacio todos los d\u00edas \u201cCartones de Sancho\u201d, me atrajo su dibuj\u00f3, a\u00fan lo conservo, all\u00ed empec\u00e9 a sentir conexi\u00f3n con la caricatura.<\/p>\n<p><strong>\u00bfTu primera caricatura d\u00f3nde se public\u00f3?<\/strong><\/p>\n<p>Cuando estudiaba cuarto a\u00f1o de bachillerato, hubo un momento en clases que no escrib\u00ed en el cuaderno, solo me vinieron unas ideas a la cabeza, y antes que se olvidara empec\u00e9 a dibujar; la caricatura que hice se llam\u00f3 Jaque, me hab\u00eda inspirado en la Guerra del Golfo P\u00e9rsico, me vino una idea y la captur\u00e9, antes de que se me escapara la idea y no me import\u00f3 que estuviera en clase, el profesor se da cuenta, se acerca y me dice, usted no est\u00e1 escribiendo, me descubre la caricatura y me dijo, oye Osto t\u00fa me pudieras traer eso ma\u00f1ana en tinta, y pens\u00e9 que me iba a rega\u00f1ar, pero no fue as\u00ed, le gust\u00f3 lo que hac\u00eda.\u00a0 Me alegr\u00e9 y emocion\u00e9 porque pas\u00e9 el susto, y me sorprend\u00ed porque me pidi\u00f3 el dibujo.<\/p>\n<p>Ese se convirti\u00f3 en mi primer dibujo publicado, el dibujo tiene que ver con Sadam Huseim y George Bush convertidos en piezas de ajedrez, ellos dos y otra pieza m\u00e1s que dice ONU y ellos montado en un tablero y la palabra Jaque. Sali\u00f3 en una revista \u201cGraf\u00eda\u201d de la Universidad Jos\u00e9 Mar\u00eda Vargas. Recuerdo que cuando el profesor me entreg\u00f3 la revista, me sorprendi\u00f3, imag\u00ednate el impacto para m\u00ed; fue lo m\u00e1s grandioso del mundo en ese momento.<\/p>\n<p>A trav\u00e9s de ese mismo profesor, que ten\u00eda muchos contactos, me dice mira Osto yo habl\u00e9 con el director de un peri\u00f3dico, un semanario \u201cLa Prensa del Tuy\u201d, le habl\u00e9 de ti, ll\u00e9vale los dibujos. Llev\u00e9 mi carpeta, y cuando me entero, era el mismo se\u00f1or que yo escuchaba en la radio todos los d\u00edas, Julio C\u00e9sar Marcano, corresponsal de YVKE Mundial.<\/p>\n<p><strong>Retorno a su tierra de origen<\/strong><\/p>\n<p>Estuvo un a\u00f1o desarrollando su arte como caricaturista en el estado Miranda. Al cumplir 18 a\u00f1os vuelve a Ciudad Bol\u00edvar. \u201cLa vida sentimentalmente como que me estaba llamando hacia ac\u00e1, porque yo ten\u00eda un vac\u00edo, de no haber compartido con mi madre (aunque ya no estaba viva), en no conocer mi ciudad, yo ten\u00eda como una deuda(\u2026)\u201d.<\/p>\n<p>\u201cRecuerdo que al llegar, me conect\u00e9 con la parte cultural y conoc\u00ed a <img loading=\"lazy\" decoding=\"async\" class=\"size-medium wp-image-236112 alignright\" src=\"https:\/\/elluchador.info\/web\/wp-content\/uploads\/2023\/01\/1-300x300.png\" alt=\"\" width=\"300\" height=\"300\" srcset=\"https:\/\/elluchador.info\/wp-content\/uploads\/2023\/01\/1-300x300.png 300w, https:\/\/elluchador.info\/wp-content\/uploads\/2023\/01\/1-1024x1024.png 1024w, https:\/\/elluchador.info\/wp-content\/uploads\/2023\/01\/1-150x150.png 150w, https:\/\/elluchador.info\/wp-content\/uploads\/2023\/01\/1-768x767.png 768w, https:\/\/elluchador.info\/wp-content\/uploads\/2023\/01\/1-420x420.png 420w, https:\/\/elluchador.info\/wp-content\/uploads\/2023\/01\/1-640x639.png 640w, https:\/\/elluchador.info\/wp-content\/uploads\/2023\/01\/1-681x680.png 681w, https:\/\/elluchador.info\/wp-content\/uploads\/2023\/01\/1.png 1080w\" sizes=\"auto, (max-width: 300px) 100vw, 300px\" \/>Ivo Farf\u00e1n, \u00e9l me dio la idea, y me dijo, t\u00fa pudieras acercarte al Diario La Tarde. Me fui y conoc\u00ed a Chemelito el hijo del due\u00f1o, me dio la oportunidad de trabajar y estudiar, y empec\u00e9 dando all\u00ed mis primeros pasos en la regi\u00f3n, al mismo tiempo me inscrib\u00ed en el Iutirla para estudiar\u201d.<\/p>\n<p>En el diario era solo un ilustrador, me dec\u00edan sobre una noticia y yo la ilustraba. Tuve la oportunidad de trabajar con el periodista Francisco Masiques, recib\u00ed muchos consejos de \u00e9l. Pero yo quer\u00eda ser como \u201cZapata\u201d, Pedro Le\u00f3n Zapata, y como ilustrador estaba limitado y yo sent\u00eda que pod\u00eda ir m\u00e1s all\u00e1, entonces yo hable con el director, y le pareci\u00f3 buena idea crear mi espacio \u201cFilostopia\u201d, y la primera caricatura estuvo dedicada a Carlos Andr\u00e9s P\u00e9rez y el alza del d\u00f3lar.<\/p>\n<p><strong>Medios de la regi\u00f3n donde ha laborado<\/strong><\/p>\n<p>En el a\u00f1o 92, en el Diario La Tarde, que era un vespertino del mismo Expreso. El Progreso, en el a\u00f1o 95, en ese tiempo con el reconocido periodista Rosendo Magallanes, como director, luego paso a El Bolivarense. Nueva Prensa de Guayana. Tambi\u00e9n Grateloracho en el Nacional le public\u00f3 sus caricaturas. En el 2005 trabaj\u00f3 para el Diario 2001.<\/p>\n<p><strong>Gratas vivencias<\/strong><\/p>\n<p>Para el a\u00f1o 2000 me gan\u00e9 un premio con la menci\u00f3n del premio nacional de caricatura, porque ese a\u00f1o lo gan\u00f3 Raima. Una de las cosas que disfrut\u00e9 tambi\u00e9n fue haber visto mis caricaturas en la televisi\u00f3n venezolana. En Globovisi\u00f3n y en Televen, Ostosidades estaba en principales medios de circulaci\u00f3n nacional.<\/p>\n<p><strong>\u00bfD\u00f3nde has mostrado tus artes?<\/strong><\/p>\n<p>Ferias del Orinoco (a\u00f1o 92), Plaza Miranda con los Caballitos de San Juan, Feria Agropeciuaria (a\u00f1o 96). Anzo\u00e1tegui en un evento cultural. Adem\u00e1s del 1.er festival del agua aqu\u00ed en la ciudad, Museo Soto, otras exposiciones y eventos como en el teatro Nacional, ah\u00ed estaban actores de TV, Karina, Franklin Virg\u00fcez, Amanda Guti\u00e9rrez, invitados por el actor Gustavo Rodr\u00edguez, donde tambi\u00e9n presentamos a los personajes en caricatura, durante tres d\u00edas se exhibieron mis caricaturas y actualmente las muestro por las redes sociales una buena conexi\u00f3n @ostosidades<\/p>\n<p><strong>\u00bfA qui\u00e9n has hecho caricaturas?<\/strong><\/p>\n<p>A muchas personas de la ciudad, y de personalidades reconocidas, el maestro Sim\u00f3n D\u00edaz, Mirla Castellanos, Norkis Batista, Daniela Alvarado, Cheo Hurtado, Luis Olavarrieta,\u00a0 El Conde del Gu\u00e1charo, Guascar Barrada, Jes\u00fas Soto, Mariita Ram\u00edrez, Serenata Guayanesa\u2026 Soy admirador de ellos, pero no ten\u00eda una foto con ellos, y en sus 50 a\u00f1os de su carrera art\u00edstica lo logr\u00e9 y tambi\u00e9n les regal\u00e9 una caricatura con la media luna, y ellos montado en una lanchita.<\/p>\n<p><strong>Conexi\u00f3n con el puente Angostura<\/strong><\/p>\n<p>Una de las caricaturas m\u00e1s repetida, es el puente Angostura, nos coment\u00f3 su atracci\u00f3n por el emblem\u00e1tico puente. En su mayor\u00eda, dibuja a las personas con el puente Angostura o solo el puente en diferentes presentaciones. Tambi\u00e9n ha hecho varios murales culturales.<\/p>\n<p><strong>Atracci\u00f3n por el periodismo\u00a0<\/strong><\/p>\n<p>Ostosidades dijo sentir fuerte atracci\u00f3n por la Comunicaci\u00f3n Social, quiz\u00e1s por eso se identifica a la perfecci\u00f3n con una de las ramas de la comunicaci\u00f3n, como lo es la caricatura. Adem\u00e1s, su hijo pronto se graduar\u00e1 de comunicador social de la UBA.<\/p>\n<p>Yanitza Martinez<\/p>\n<p>&nbsp;<\/p>\n","protected":false},"excerpt":{"rendered":"<p>Hablar de Ostosidades es referirse a Edgar Osto, el reconocido Caricaturista, creador de m\u00e1s de 1000 caricaturas que andan rodando por toda Venezuela y fuera del pa\u00eds. Nos dice: Soy sabanitero con orgullo, nacido en Ciudad Bol\u00edvar, por ello mi sentimiento y relaci\u00f3n con la mayor\u00eda de mis caricaturas es con el realce de esta [&hellip;]<\/p>\n","protected":false},"author":19,"featured_media":236113,"comment_status":"closed","ping_status":"closed","sticky":false,"template":"","format":"standard","meta":{"footnotes":""},"categories":[2],"tags":[],"class_list":{"0":"post-236111","1":"post","2":"type-post","3":"status-publish","4":"format-standard","5":"has-post-thumbnail","7":"category-comunidad"},"_links":{"self":[{"href":"https:\/\/elluchador.info\/index.php?rest_route=\/wp\/v2\/posts\/236111","targetHints":{"allow":["GET"]}}],"collection":[{"href":"https:\/\/elluchador.info\/index.php?rest_route=\/wp\/v2\/posts"}],"about":[{"href":"https:\/\/elluchador.info\/index.php?rest_route=\/wp\/v2\/types\/post"}],"author":[{"embeddable":true,"href":"https:\/\/elluchador.info\/index.php?rest_route=\/wp\/v2\/users\/19"}],"replies":[{"embeddable":true,"href":"https:\/\/elluchador.info\/index.php?rest_route=%2Fwp%2Fv2%2Fcomments&post=236111"}],"version-history":[{"count":1,"href":"https:\/\/elluchador.info\/index.php?rest_route=\/wp\/v2\/posts\/236111\/revisions"}],"predecessor-version":[{"id":236117,"href":"https:\/\/elluchador.info\/index.php?rest_route=\/wp\/v2\/posts\/236111\/revisions\/236117"}],"wp:featuredmedia":[{"embeddable":true,"href":"https:\/\/elluchador.info\/index.php?rest_route=\/wp\/v2\/media\/236113"}],"wp:attachment":[{"href":"https:\/\/elluchador.info\/index.php?rest_route=%2Fwp%2Fv2%2Fmedia&parent=236111"}],"wp:term":[{"taxonomy":"category","embeddable":true,"href":"https:\/\/elluchador.info\/index.php?rest_route=%2Fwp%2Fv2%2Fcategories&post=236111"},{"taxonomy":"post_tag","embeddable":true,"href":"https:\/\/elluchador.info\/index.php?rest_route=%2Fwp%2Fv2%2Ftags&post=236111"}],"curies":[{"name":"wp","href":"https:\/\/api.w.org\/{rel}","templated":true}]}}