{"id":236128,"date":"2023-01-15T17:38:43","date_gmt":"2023-01-15T21:38:43","guid":{"rendered":"https:\/\/elluchador.info\/web\/?p=236128"},"modified":"2023-01-15T17:38:43","modified_gmt":"2023-01-15T21:38:43","slug":"realizan-mesa-de-trabajo-para-avanzar-en-la-recuperacion-de-la-troncal-10","status":"publish","type":"post","link":"https:\/\/elluchador.info\/?p=236128","title":{"rendered":"Realizan mesa de trabajo para avanzar en la recuperaci\u00f3n de la Troncal 10\u00a0"},"content":{"rendered":"<p>En Tumeremo, municipio Sifontes, el gobernador del estado Bol\u00edvar, \u00c1ngel Marcano, se reuni\u00f3 con los ministros de Obras P\u00fablicas, y Transporte, general Ra\u00fal Paredes, y Ram\u00f3n Vel\u00e1squez Araguay\u00e1n, respectivamente, para avanzar en la recuperaci\u00f3n de la Troncal 10 de la entidad, vialidad binacional Venezuela \u2013 Brasil.<\/p>\n<p>La actividad cont\u00f3 con la presencia de los alcaldes de los municipios Angostura del Orinoco, Piar y Sifontes, autoridades nacionales, regionales y miembros de la Fuerza Armada Nacional Bolivariana (Fanb).<\/p>\n<p>Los planes de acci\u00f3n iniciaron con una mesa de trabajo, posteriormente, con un abordaje integral, en un esfuerzo conjunto con el Gobierno Nacional, regional y local.<\/p>\n<p>El gobernador del estado Bol\u00edvar inform\u00f3 que junto con los ministros de Obras P\u00fablicas y Transporte, establecieron los puntos cr\u00edticos de la Troncal 10 en diferentes tramos, que fueron subdivididos de la siguiente manera; Upata -Guasipati, Guasipati \u2013 Tumeremo, Tumeremo \u2013 El Dorado, El Dorado \u2013 Kil\u00f3metro 88 y Kil\u00f3metro 88 &#8211; Santa Elena.<\/p>\n<p>Los Ministros aseguraron que se trata de un trabajo conjunto, con el objetivo de dar respuestas inmediatas. Informaron que se est\u00e1 haciendo un movimiento de maquinarias, payloader, volteos y m\u00e1s, para restablecer cada uno de los pasos de la Troncal 10, que han sido afectados por lluvias y por el paso de transporte pesado.<\/p>\n<p><strong>Siete puntos\u00a0<\/strong><\/p>\n<p>Durante esta mesa de trabajo se establecieron siete puntos para la consolidaci\u00f3n de esta obra; maquinarias, combustible, transporte, obreros, personal de ingenier\u00eda (que llevar\u00e1 el proyecto), funcionarios de la Fanb, y el poder popular integrado, como supervisor y auditor de lo que se va a hacer.<\/p>\n<p>El Gobierno Bolivariano inici\u00f3 este fin de semana las acciones, con el restablecimiento del paso en El Danto. Anunciaron que trabajadores y personal del Ministerio de Transporte est\u00e1n desplegados en las zonas cr\u00edticas de El Dorado.<\/p>\n<p>El Ministro de Transporte asegur\u00f3 que el proyecto tambi\u00e9n incluye la colocaci\u00f3n de se\u00f1ales de vialidad, una vez que finalicen los trabajos.<\/p>\n<p><strong>Destacado\u00a0<\/strong><\/p>\n<p><strong>Seis l\u00edneas\u00a0<\/strong><\/p>\n<p>El gobernador \u00c1ngel Marcano asegur\u00f3 que todas estas acciones, van enmarcadas en las seis l\u00edneas de trabajo que ha ordenado el presidente Nicol\u00e1s Maduro a escala nacional, con el objetivo de seguir consolidando el bienestar del pueblo y el fortalecimiento de la revoluci\u00f3n bolivariana. <strong>Prensa Gobernaci\u00f3n de Bol\u00edvar\u00a0<\/strong><\/p>\n","protected":false},"excerpt":{"rendered":"<p>En Tumeremo, municipio Sifontes, el gobernador del estado Bol\u00edvar, \u00c1ngel Marcano, se reuni\u00f3 con los ministros de Obras P\u00fablicas, y Transporte, general Ra\u00fal Paredes, y Ram\u00f3n Vel\u00e1squez Araguay\u00e1n, respectivamente, para avanzar en la recuperaci\u00f3n de la Troncal 10 de la entidad, vialidad binacional Venezuela \u2013 Brasil. La actividad cont\u00f3 con la presencia de los alcaldes [&hellip;]<\/p>\n","protected":false},"author":19,"featured_media":236129,"comment_status":"closed","ping_status":"closed","sticky":false,"template":"","format":"standard","meta":{"footnotes":""},"categories":[5,12],"tags":[],"class_list":{"0":"post-236128","1":"post","2":"type-post","3":"status-publish","4":"format-standard","5":"has-post-thumbnail","7":"category-destacado","8":"category-regionales"},"_links":{"self":[{"href":"https:\/\/elluchador.info\/index.php?rest_route=\/wp\/v2\/posts\/236128","targetHints":{"allow":["GET"]}}],"collection":[{"href":"https:\/\/elluchador.info\/index.php?rest_route=\/wp\/v2\/posts"}],"about":[{"href":"https:\/\/elluchador.info\/index.php?rest_route=\/wp\/v2\/types\/post"}],"author":[{"embeddable":true,"href":"https:\/\/elluchador.info\/index.php?rest_route=\/wp\/v2\/users\/19"}],"replies":[{"embeddable":true,"href":"https:\/\/elluchador.info\/index.php?rest_route=%2Fwp%2Fv2%2Fcomments&post=236128"}],"version-history":[{"count":1,"href":"https:\/\/elluchador.info\/index.php?rest_route=\/wp\/v2\/posts\/236128\/revisions"}],"predecessor-version":[{"id":236130,"href":"https:\/\/elluchador.info\/index.php?rest_route=\/wp\/v2\/posts\/236128\/revisions\/236130"}],"wp:featuredmedia":[{"embeddable":true,"href":"https:\/\/elluchador.info\/index.php?rest_route=\/wp\/v2\/media\/236129"}],"wp:attachment":[{"href":"https:\/\/elluchador.info\/index.php?rest_route=%2Fwp%2Fv2%2Fmedia&parent=236128"}],"wp:term":[{"taxonomy":"category","embeddable":true,"href":"https:\/\/elluchador.info\/index.php?rest_route=%2Fwp%2Fv2%2Fcategories&post=236128"},{"taxonomy":"post_tag","embeddable":true,"href":"https:\/\/elluchador.info\/index.php?rest_route=%2Fwp%2Fv2%2Ftags&post=236128"}],"curies":[{"name":"wp","href":"https:\/\/api.w.org\/{rel}","templated":true}]}}