{"id":236154,"date":"2023-01-15T18:19:11","date_gmt":"2023-01-15T22:19:11","guid":{"rendered":"https:\/\/elluchador.info\/web\/?p=236154"},"modified":"2023-01-15T18:19:11","modified_gmt":"2023-01-15T22:19:11","slug":"en-el-palmar-iniciaran-plan-especial-de-asfaltado","status":"publish","type":"post","link":"https:\/\/elluchador.info\/?p=236154","title":{"rendered":"En El Palmar iniciar\u00e1n plan especial de asfaltado"},"content":{"rendered":"<p style=\"font-weight: 400;\">La gesti\u00f3n del alcalde del municipio Padre Pedro Chien David Ramos a trav\u00e9s de la organizaci\u00f3n del Poder Popular viene priorizando los servicios con el firme prop\u00f3sito de mejorar la atenci\u00f3n en \u00e1reas como aseo urbano, suministro de agua potable, asfaltado en sectores urbano y agr\u00edcola, electricidad entre otros, asegurando adem\u00e1s la activaci\u00f3n de planes en este 2023.<\/p>\n<p style=\"font-weight: 400;\">Diversas atenciones se ha dado En El Palmar, ahora se tiene planificado trabajar con el tema del asfaltado *siendo lo fuerte que se tiene en los actuales momento y es donde se queja m\u00e1s la poblaci\u00f3n, sin embargo existe un gobierno revolucionario serio comprometido con los palmare\u00f1os*, agrega.<\/p>\n<p style=\"font-weight: 400;\">El burgomaestre precisa que es prioridad mejorar las v\u00edas agr\u00edcolas trabajando por supuesto con el gremio ganadero, sector que cuenta con nueva junta directiva, es un reto y necesidad reparar las carreteras de sectores agr\u00edcolas y de esa forma fortalecer la econom\u00eda de la regi\u00f3n, no solo del Palmar, de todo el estado Bol\u00edvar, sentenci\u00f3.<\/p>\n<p style=\"font-weight: 400;\">En sus declaraciones el alcalde David Ramos tambi\u00e9n anunci\u00f3 que ser\u00e1 reparada la v\u00eda Upata \u2013 El Palmar reconoci\u00f3 el mal estado en que se encuentra pero cuenta con el apoyo del presidente Nicol\u00e1s Maduro y del gobernador \u00c1ngel Marcano, se espera que en lapso relativamente corto se inicien los trabajos.<\/p>\n<p style=\"font-weight: 400;\"><strong>Atienden otras \u00e1reas<\/strong><\/p>\n<p style=\"font-weight: 400;\">De igual forma el mandatario se\u00f1al\u00f3 que han recibido tambi\u00e9n por parte del gobierno central equipos como compactadora para reforzar el servicio de recolecci\u00f3n de desechos en el municipio, cabe destacar que es la primera vez en 20 a\u00f1os que cuentan con este tipo de unidad, adem\u00e1s es otro logro de su gesti\u00f3n acompa\u00f1ado del Poder Popular, el clamor de las bases en primera instancias era el tema de la basura, con limitaci\u00f3n se hab\u00eda avanzado en un 40 % pero hac\u00eda falta una compactadora, petici\u00f3n que fue llevada al gobernador quien dio respuesta inmediata, con la puesta en marcha de esta unidad se dar\u00e1 respuesta en un 100 %, afirma.<\/p>\n<p style=\"font-weight: 400;\">Adem\u00e1s Davis Ramos resalt\u00f3 que iniciar\u00e1n un plan especial de saneamiento en el vertedero de basura ubicado en el municipio v\u00eda Las Palmas, acota.<\/p>\n<p style=\"font-weight: 400;\">Tambi\u00e9n se ha avanzado en el tema de agua potable, a nivel medi\u00e1tico se desconoce el trabajo, pero la alcald\u00eda con todo el equipo ha dado respuestas a familias de comunidades, asimismo con funcionarios de Hidrobol\u00edvar se trabaja en la reparaci\u00f3n de fugas, como se hab\u00eda dicho priorizar los servicios, precisa Ramos.(Fredys Marrero CNP 18.406)<\/p>\n","protected":false},"excerpt":{"rendered":"<p>La gesti\u00f3n del alcalde del municipio Padre Pedro Chien David Ramos a trav\u00e9s de la organizaci\u00f3n del Poder Popular viene priorizando los servicios con el firme prop\u00f3sito de mejorar la atenci\u00f3n en \u00e1reas como aseo urbano, suministro de agua potable, asfaltado en sectores urbano y agr\u00edcola, electricidad entre otros, asegurando adem\u00e1s la activaci\u00f3n de planes [&hellip;]<\/p>\n","protected":false},"author":19,"featured_media":236155,"comment_status":"closed","ping_status":"closed","sticky":false,"template":"","format":"standard","meta":{"footnotes":""},"categories":[2],"tags":[],"class_list":{"0":"post-236154","1":"post","2":"type-post","3":"status-publish","4":"format-standard","5":"has-post-thumbnail","7":"category-comunidad"},"_links":{"self":[{"href":"https:\/\/elluchador.info\/index.php?rest_route=\/wp\/v2\/posts\/236154","targetHints":{"allow":["GET"]}}],"collection":[{"href":"https:\/\/elluchador.info\/index.php?rest_route=\/wp\/v2\/posts"}],"about":[{"href":"https:\/\/elluchador.info\/index.php?rest_route=\/wp\/v2\/types\/post"}],"author":[{"embeddable":true,"href":"https:\/\/elluchador.info\/index.php?rest_route=\/wp\/v2\/users\/19"}],"replies":[{"embeddable":true,"href":"https:\/\/elluchador.info\/index.php?rest_route=%2Fwp%2Fv2%2Fcomments&post=236154"}],"version-history":[{"count":1,"href":"https:\/\/elluchador.info\/index.php?rest_route=\/wp\/v2\/posts\/236154\/revisions"}],"predecessor-version":[{"id":236156,"href":"https:\/\/elluchador.info\/index.php?rest_route=\/wp\/v2\/posts\/236154\/revisions\/236156"}],"wp:featuredmedia":[{"embeddable":true,"href":"https:\/\/elluchador.info\/index.php?rest_route=\/wp\/v2\/media\/236155"}],"wp:attachment":[{"href":"https:\/\/elluchador.info\/index.php?rest_route=%2Fwp%2Fv2%2Fmedia&parent=236154"}],"wp:term":[{"taxonomy":"category","embeddable":true,"href":"https:\/\/elluchador.info\/index.php?rest_route=%2Fwp%2Fv2%2Fcategories&post=236154"},{"taxonomy":"post_tag","embeddable":true,"href":"https:\/\/elluchador.info\/index.php?rest_route=%2Fwp%2Fv2%2Ftags&post=236154"}],"curies":[{"name":"wp","href":"https:\/\/api.w.org\/{rel}","templated":true}]}}