{"id":236170,"date":"2023-01-16T09:38:02","date_gmt":"2023-01-16T13:38:02","guid":{"rendered":"https:\/\/elluchador.info\/web\/?p=236170"},"modified":"2023-01-16T09:38:02","modified_gmt":"2023-01-16T13:38:02","slug":"las-protestas-en-peru-vuelven-a-poner-la-mira-en-lima","status":"publish","type":"post","link":"https:\/\/elluchador.info\/?p=236170","title":{"rendered":"Las protestas en Per\u00fa vuelven a poner la mira en Lima"},"content":{"rendered":"<p>Las protestas contra la presidenta peruana Dina Boluarte, que ya han dejado 50 muertos, parec\u00edan concentrarse de nuevo el lunes en la capital del pa\u00eds.<\/p>\n<p>Despu\u00e9s de varios d\u00edas en los que la regi\u00f3n sure\u00f1a de Puno, donde se encuentra el visitado lago Titicaca, fue el epicentro de las manifestaciones, comunidades aimaras de la regi\u00f3n se alistaban a viajar a Lima el lunes. En la capital se esperaba que cerca de 50.000 aimaras avivaran las movilizaciones para reclamar la marcha de Boluarte.<\/p>\n<p>\u201cA m\u00e1s tardar salimos este lunes. (\u2026) queremos es viajar en unidad entre todos los pueblos aimaras\u201d, dijo Julio Vilca, de la localidad aimara de Ilave, al diario peruano La Rep\u00fablica.<\/p>\n<p>En Cusco, otra regi\u00f3n sure\u00f1a donde se encuentra la ciudadela inca de Machu Picchu, otros grupos de campesinos quechuas se preparan para partir hacia la capital.<\/p>\n<p>Algunas agrupaciones de ronderos, campesinos que patrullan sus pueblos como una forma de seguridad tradicional, ya empezaron a llegar a Lima desde la regi\u00f3n de Cajamarca, en la sierra del norte peruano, de donde es originario el destituido antecesor de Boluarte, Pedro Castillo.<\/p>\n<p>La convocatoria en la capital se anunci\u00f3 como una \u201cMarcha de los cuatro suyos\u201d, en referencia a la divisi\u00f3n pol\u00edtica del imperio incaico en cuatro jurisdicciones llamadas suyos. El mismo nombre se us\u00f3 en 2000 para una de las m\u00e1s nutridas protestas contra el expresidente Alberto Fujimori, que gobernaba entonces tras una cuestionada reelecci\u00f3n y huy\u00f3 del pa\u00eds ese a\u00f1o en medio de esc\u00e1ndalos de corrupci\u00f3n.<\/p>\n<p>En los \u00faltimos d\u00edas, miles de lime\u00f1os han marchado desde el centro de la ciudad hasta los distritos de las clases acomodadas exigiendo la renuncia de Boluarte y el cese a la represi\u00f3n violenta en las protestas, que ha generado decenas de muertes en varias regiones del pa\u00eds.<\/p>\n<p>La Confederaci\u00f3n General de Trabajadores, el sindicato m\u00e1s importante del pa\u00eds, ha convocado a un paro nacional contra el gobierno para el pr\u00f3ximo jueves y reclama la dimisi\u00f3n de Boluarte y de la impopular mesa directiva del Congreso.<\/p>\n<p>Varios grupos de campesinos ten\u00edan previsto marchar el lunes en la capital.<\/p>\n<p>La cifra de fallecidos en relaci\u00f3n a las protestas creci\u00f3 el domingo con la muerte de Jos\u00e9 Santos Medina Vega, de 39 a\u00f1os, en la regi\u00f3n amaz\u00f3nica de San Mart\u00edn. El hombre falleci\u00f3 \u201cpor un accidente de tr\u00e1nsito vinculado al bloqueo de v\u00edas\u201d, seg\u00fan el registro de la Defensor\u00eda del Pueblo.<\/p>\n<p>El domingo se registraron movilizaciones, paralizaciones y bloqueos de v\u00edas en 35 provincias, la mayor\u00eda de regiones del sur del pa\u00eds, seg\u00fan report\u00f3 la Defensor\u00eda, que tambi\u00e9n inform\u00f3 de 99 cortes de carreteras nacionales y \u201cuna concentraci\u00f3n por la paz y en rechazo a la paralizaci\u00f3n de actividades econ\u00f3micas en la provincia de San Mart\u00edn\u201d.<\/p>\n<p>Cincuenta personas han muerto desde que empez\u00f3 la convulsi\u00f3n: 41 civiles en enfrentamientos, ocho por accidentes de tr\u00e1nsito y hechos vinculados a bloqueos y un polic\u00eda calcinado tras ser atacado por una turba, de acuerdo con el informe de la Defensor\u00eda.<\/p>\n<p>Este domingo inici\u00f3 un estado de emergencia, que suspenden derechos fundamentales de ciudadanos, por 30 d\u00edas el departamento de Lima, que incluye la capital; la regi\u00f3n y provincia del Callao, colindante con urbe lime\u00f1a; y en el sur, en Puno y Cusco; una provincia de la regi\u00f3n Apur\u00edmac; otras dos de Madre de Dios; y un distrito en Moquegua.<\/p>\n<p>Las protestas -que exigen un adelanto de elecciones generales, la renuncia de Boluarte y el cierre del Congreso- tomaron un nuevo impulso esta semana tras retomarse el mi\u00e9rcoles 4, despu\u00e9s de una tregua parcial por las fiestas de fin de a\u00f1o.<\/p>\n<p>Entre los manifestantes hay quienes tambi\u00e9n reclaman que se le libere a Castillo, el antecesor de Boluarte que fue depuesto y permanece en prisi\u00f3n preventiva por 18 meses mientras es investigado por presunta rebeli\u00f3n.<\/p>\n<p>Boluarte asumi\u00f3 el gobierno luego de que Castillo, que era presidente desde el 2021, fuera destituido por el Congreso tras intentar disolver este poder del Estado con un mensaje televisivo el 7 de diciembre. La actual mandataria era vicepresidenta y fue elegida en la misma lista con su antecesor. El Parlamento la jurament\u00f3 el mismo d\u00eda de la destituci\u00f3n de Castillo por ser sucesora constitucional.<\/p>\n<p>Castillo fue detenido cuando iba en un veh\u00edculo con su comitiva en una avenida del centro de Lima. Seg\u00fan la Fiscal\u00eda, se dirig\u00eda a la embajada de M\u00e9xico para buscar asilo pol\u00edtico.<\/p>\n<p>Con informaci\u00f3n de www.globovision.com<\/p>\n","protected":false},"excerpt":{"rendered":"<p>Las protestas contra la presidenta peruana Dina Boluarte, que ya han dejado 50 muertos, parec\u00edan concentrarse de nuevo el lunes en la capital del pa\u00eds. Despu\u00e9s de varios d\u00edas en los que la regi\u00f3n sure\u00f1a de Puno, donde se encuentra el visitado lago Titicaca, fue el epicentro de las manifestaciones, comunidades aimaras de la regi\u00f3n [&hellip;]<\/p>\n","protected":false},"author":19,"featured_media":236175,"comment_status":"closed","ping_status":"closed","sticky":false,"template":"","format":"standard","meta":{"footnotes":""},"categories":[8],"tags":[],"class_list":{"0":"post-236170","1":"post","2":"type-post","3":"status-publish","4":"format-standard","5":"has-post-thumbnail","7":"category-internacionales"},"_links":{"self":[{"href":"https:\/\/elluchador.info\/index.php?rest_route=\/wp\/v2\/posts\/236170","targetHints":{"allow":["GET"]}}],"collection":[{"href":"https:\/\/elluchador.info\/index.php?rest_route=\/wp\/v2\/posts"}],"about":[{"href":"https:\/\/elluchador.info\/index.php?rest_route=\/wp\/v2\/types\/post"}],"author":[{"embeddable":true,"href":"https:\/\/elluchador.info\/index.php?rest_route=\/wp\/v2\/users\/19"}],"replies":[{"embeddable":true,"href":"https:\/\/elluchador.info\/index.php?rest_route=%2Fwp%2Fv2%2Fcomments&post=236170"}],"version-history":[{"count":1,"href":"https:\/\/elluchador.info\/index.php?rest_route=\/wp\/v2\/posts\/236170\/revisions"}],"predecessor-version":[{"id":236176,"href":"https:\/\/elluchador.info\/index.php?rest_route=\/wp\/v2\/posts\/236170\/revisions\/236176"}],"wp:featuredmedia":[{"embeddable":true,"href":"https:\/\/elluchador.info\/index.php?rest_route=\/wp\/v2\/media\/236175"}],"wp:attachment":[{"href":"https:\/\/elluchador.info\/index.php?rest_route=%2Fwp%2Fv2%2Fmedia&parent=236170"}],"wp:term":[{"taxonomy":"category","embeddable":true,"href":"https:\/\/elluchador.info\/index.php?rest_route=%2Fwp%2Fv2%2Fcategories&post=236170"},{"taxonomy":"post_tag","embeddable":true,"href":"https:\/\/elluchador.info\/index.php?rest_route=%2Fwp%2Fv2%2Ftags&post=236170"}],"curies":[{"name":"wp","href":"https:\/\/api.w.org\/{rel}","templated":true}]}}