{"id":236199,"date":"2023-01-16T10:41:26","date_gmt":"2023-01-16T14:41:26","guid":{"rendered":"https:\/\/elluchador.info\/web\/?p=236199"},"modified":"2023-01-16T10:41:26","modified_gmt":"2023-01-16T14:41:26","slug":"lula-destituye-a-la-cupula-de-los-medios-de-comunicacion-publicos-de-brasil","status":"publish","type":"post","link":"https:\/\/elluchador.info\/?p=236199","title":{"rendered":"Lula destituye a la c\u00fapula de los medios de comunicaci\u00f3n p\u00fablicos de Brasil"},"content":{"rendered":"<p>El presidente de Brasil, Luiz In\u00e1cio Lula da Silva, destituy\u00f3 a la direcci\u00f3n de todos los medios de comunicaci\u00f3n p\u00fablicos a ra\u00edz del tratamiento que realizaron de la toma de los tres poderes p\u00fablicos en Brasilia el pasado 8 de enero.<\/p>\n<p>La decisi\u00f3n fue adoptada en la noche del pasado viernes e incluye el nombramiento de la periodista Kariane Costa como presidenta de la Empresa Brasile\u00f1a de Comunicaci\u00f3n, de la que dependen medios clave como la agencia de noticias Agencia Brasil, TV Brasil o la emisora Radio Nacional.<\/p>\n<p>La medida supone la apertura de un proceso de transici\u00f3n y reorganizaci\u00f3n en la EBC que durar\u00e1 unos 30 d\u00edas.<\/p>\n<p>La direcci\u00f3n de estos medios segu\u00eda en manos de cargos nombrados por el expresidente Jair Bolsonaro, cuyos simpatizantes asaltaron el Congreso, el palacio presidencial y la sede del Tribunal Supremo Federal hace una semana.<\/p>\n<p>La cobertura de los hechos violentos en Brasilia habr\u00eda sido el detonante de los cambios, debido a que mientras la mayor\u00eda de medios de comunicaci\u00f3n brasile\u00f1os se refer\u00eda a los simpatizantes de Bolsonaro como \u201cv\u00e1ndalos\u201d o \u201cgolpistas\u201d, los medios p\u00fablicos manten\u00edan el t\u00e9rmino \u201cmanifestantes\u201d.<\/p>\n<p>Otra fuente explic\u00f3 a Europa Press que tem\u00edan una cobertura a\u00fan m\u00e1s radical por parte de medios dirigidos por personas afines a Bolsonaro y a la posible propagaci\u00f3n de ideas antidemocr\u00e1ticas o incluso a un sabotaje t\u00e9cnico para interrumpir las retransmisiones y comparecencias de la Presidencia.<\/p>\n<p><strong>SUMAR\u00cdUM<\/strong><\/p>\n","protected":false},"excerpt":{"rendered":"<p>El presidente de Brasil, Luiz In\u00e1cio Lula da Silva, destituy\u00f3 a la direcci\u00f3n de todos los medios de comunicaci\u00f3n p\u00fablicos a ra\u00edz del tratamiento que realizaron de la toma de los tres poderes p\u00fablicos en Brasilia el pasado 8 de enero. La decisi\u00f3n fue adoptada en la noche del pasado viernes e incluye el nombramiento [&hellip;]<\/p>\n","protected":false},"author":33,"featured_media":236200,"comment_status":"closed","ping_status":"closed","sticky":false,"template":"","format":"standard","meta":{"footnotes":""},"categories":[8],"tags":[],"class_list":{"0":"post-236199","1":"post","2":"type-post","3":"status-publish","4":"format-standard","5":"has-post-thumbnail","7":"category-internacionales"},"_links":{"self":[{"href":"https:\/\/elluchador.info\/index.php?rest_route=\/wp\/v2\/posts\/236199","targetHints":{"allow":["GET"]}}],"collection":[{"href":"https:\/\/elluchador.info\/index.php?rest_route=\/wp\/v2\/posts"}],"about":[{"href":"https:\/\/elluchador.info\/index.php?rest_route=\/wp\/v2\/types\/post"}],"author":[{"embeddable":true,"href":"https:\/\/elluchador.info\/index.php?rest_route=\/wp\/v2\/users\/33"}],"replies":[{"embeddable":true,"href":"https:\/\/elluchador.info\/index.php?rest_route=%2Fwp%2Fv2%2Fcomments&post=236199"}],"version-history":[{"count":1,"href":"https:\/\/elluchador.info\/index.php?rest_route=\/wp\/v2\/posts\/236199\/revisions"}],"predecessor-version":[{"id":236201,"href":"https:\/\/elluchador.info\/index.php?rest_route=\/wp\/v2\/posts\/236199\/revisions\/236201"}],"wp:featuredmedia":[{"embeddable":true,"href":"https:\/\/elluchador.info\/index.php?rest_route=\/wp\/v2\/media\/236200"}],"wp:attachment":[{"href":"https:\/\/elluchador.info\/index.php?rest_route=%2Fwp%2Fv2%2Fmedia&parent=236199"}],"wp:term":[{"taxonomy":"category","embeddable":true,"href":"https:\/\/elluchador.info\/index.php?rest_route=%2Fwp%2Fv2%2Fcategories&post=236199"},{"taxonomy":"post_tag","embeddable":true,"href":"https:\/\/elluchador.info\/index.php?rest_route=%2Fwp%2Fv2%2Ftags&post=236199"}],"curies":[{"name":"wp","href":"https:\/\/api.w.org\/{rel}","templated":true}]}}