{"id":236234,"date":"2023-01-16T12:16:25","date_gmt":"2023-01-16T16:16:25","guid":{"rendered":"https:\/\/elluchador.info\/web\/?p=236234"},"modified":"2023-01-16T12:16:25","modified_gmt":"2023-01-16T16:16:25","slug":"presuntos-terroristas-secuestran-a-mas-de-50-mujeres-en-burkina-faso","status":"publish","type":"post","link":"https:\/\/elluchador.info\/?p=236234","title":{"rendered":"Presuntos terroristas secuestran a m\u00e1s de 50 mujeres en Burkina Faso"},"content":{"rendered":"<p>Presuntos terroristas secuestraron la semana pasada a m\u00e1s de cincuenta mujeres en el noreste de Burkina Faso, donde son habituales los ataques de grupos yihadistas vinculados tanto a Al Qaeda como al Estado Isl\u00e1mico, informaron hoy a EFE las autoridades locales.<\/p>\n<p>Las mujeres desaparecieron los pasados jueves y viernes en los alrededores de la localidad de Arbinda, que pertenece a la regi\u00f3n burkinesa del Sahel, fronteriza con Mal\u00ed y N\u00edger.<\/p>\n<p>\u00abTan pronto como se inform\u00f3 de su desaparici\u00f3n, empezamos una b\u00fasqueda para intentar encontrar a todas estas v\u00edctimas inocentes sanas y salvar\u00bb, dijo a EFE el gobernador de la regi\u00f3n de Sahel, el teniente coronel Rodolphe Sorgho.<\/p>\n<p>Seg\u00fan Sorgho, las autoridades est\u00e1n \u00abal lado de las familias de las desaparecidas\u00bb y \u00abhar\u00e1n todo lo posible para conseguir un desenlace feliz\u00bb.<\/p>\n<p>\u00abLas mujeres hab\u00edan salido para buscar hojas y frutos silvestres para comer porque no quedan alimentos en las comunidades. Las familias est\u00e1n muri\u00e9ndose de hambre pese a que hemos estado pidiendo ayuda durante varios meses\u00bb, se\u00f1al\u00f3 a EFE, por su parte, el alcalde de la localidad de Arbinda, Ouerem Boureima.<\/p>\n<p>Algunas mujeres consiguieron escapar de los presuntos terroristas y avisar a las autoridades locales poco despu\u00e9s de ser atacadas.<\/p>\n<p>\u00abDesde los primeros momentos, los Voluntarios por la Defensa de la Patria (VDP) (civiles que apoyan al Ej\u00e9rcito en la lucha antiterrorista) de la localidad hicieron un registro de la zona, pero ya era demasiado tarde porque los terroristas se hab\u00edan marchado. Sin embargo, los registros a\u00fan contin\u00faan\u00bb, a\u00f1adi\u00f3 Boureima.<\/p>\n<p>El Ministerio de Asuntos Exteriores de Francia conden\u00f3 hoy en un comunicado el secuestro de estas mujeres y pidi\u00f3 su \u00abliberaci\u00f3n inmediata\u00bb, adem\u00e1s de \u00abreafirmar\u00bb a Burkina Faso su \u00absolidaridad y compromiso\u00bb.<\/p>\n<p>Burkina Faso sufre frecuentes atentados yihadistas desde abril de 2015, perpetrados por grupos ligados tanto a Al Qaeda como al Estado Isl\u00e1mico, sobre todo en el norte del pa\u00eds.<\/p>\n<p>Adem\u00e1s, el pa\u00eds encaj\u00f3 dos golpes de Estado el pasado a\u00f1o: uno el 24 de enero, dirigido por el teniente coronel Paul-Henri Sandaogo Damiba, y otro el pasado 30 de septiembre por el capit\u00e1n Ibrahim Traor\u00e9, actual jefe de Estado del pa\u00eds.<\/p>\n<p>La toma del poder por los militares tuvo lugar en ambas ocasiones tras el descontento entre la poblaci\u00f3n y el Ej\u00e9rcito por los ataques yihadistas, que mantienen desplazadas a m\u00e1s de 1,8 millones de personas, seg\u00fan el Gobierno.<\/p>\n<p>Con informaci\u00f3n de www.globovision.com<\/p>\n","protected":false},"excerpt":{"rendered":"<p>Presuntos terroristas secuestraron la semana pasada a m\u00e1s de cincuenta mujeres en el noreste de Burkina Faso, donde son habituales los ataques de grupos yihadistas vinculados tanto a Al Qaeda como al Estado Isl\u00e1mico, informaron hoy a EFE las autoridades locales. Las mujeres desaparecieron los pasados jueves y viernes en los alrededores de la localidad [&hellip;]<\/p>\n","protected":false},"author":19,"featured_media":236235,"comment_status":"closed","ping_status":"closed","sticky":false,"template":"","format":"standard","meta":{"footnotes":""},"categories":[8],"tags":[],"class_list":{"0":"post-236234","1":"post","2":"type-post","3":"status-publish","4":"format-standard","5":"has-post-thumbnail","7":"category-internacionales"},"_links":{"self":[{"href":"https:\/\/elluchador.info\/index.php?rest_route=\/wp\/v2\/posts\/236234","targetHints":{"allow":["GET"]}}],"collection":[{"href":"https:\/\/elluchador.info\/index.php?rest_route=\/wp\/v2\/posts"}],"about":[{"href":"https:\/\/elluchador.info\/index.php?rest_route=\/wp\/v2\/types\/post"}],"author":[{"embeddable":true,"href":"https:\/\/elluchador.info\/index.php?rest_route=\/wp\/v2\/users\/19"}],"replies":[{"embeddable":true,"href":"https:\/\/elluchador.info\/index.php?rest_route=%2Fwp%2Fv2%2Fcomments&post=236234"}],"version-history":[{"count":1,"href":"https:\/\/elluchador.info\/index.php?rest_route=\/wp\/v2\/posts\/236234\/revisions"}],"predecessor-version":[{"id":236236,"href":"https:\/\/elluchador.info\/index.php?rest_route=\/wp\/v2\/posts\/236234\/revisions\/236236"}],"wp:featuredmedia":[{"embeddable":true,"href":"https:\/\/elluchador.info\/index.php?rest_route=\/wp\/v2\/media\/236235"}],"wp:attachment":[{"href":"https:\/\/elluchador.info\/index.php?rest_route=%2Fwp%2Fv2%2Fmedia&parent=236234"}],"wp:term":[{"taxonomy":"category","embeddable":true,"href":"https:\/\/elluchador.info\/index.php?rest_route=%2Fwp%2Fv2%2Fcategories&post=236234"},{"taxonomy":"post_tag","embeddable":true,"href":"https:\/\/elluchador.info\/index.php?rest_route=%2Fwp%2Fv2%2Ftags&post=236234"}],"curies":[{"name":"wp","href":"https:\/\/api.w.org\/{rel}","templated":true}]}}