{"id":236237,"date":"2023-01-16T12:23:46","date_gmt":"2023-01-16T16:23:46","guid":{"rendered":"https:\/\/elluchador.info\/web\/?p=236237"},"modified":"2023-01-16T12:23:46","modified_gmt":"2023-01-16T16:23:46","slug":"claudio-fermin-el-estado-se-ha-convertido-en-su-propio-enemigo-para-el-aumento-salarial","status":"publish","type":"post","link":"https:\/\/elluchador.info\/?p=236237","title":{"rendered":"Claudio Ferm\u00edn: El Estado se ha convertido en su propio enemigo para el aumento salarial"},"content":{"rendered":"<p>El presidente del partido Soluciones para Venezuela, Claudio Ferm\u00edn, indic\u00f3 que actualmente no hay una pol\u00edtica permanente de control en la inflaci\u00f3n, \u00aben los \u00faltimos dos a\u00f1os fue derrotada la hiperinflaci\u00f3n pero ya los precios empezaron a subir, ya comenz\u00f3 a despegarse los bienes del acceso venezolano, as\u00ed que nosotros queremos reiterar nuestro respaldo a todos los reclamos sociales porque son justos\u00bb.<\/p>\n<p>\u00abQueremos hacer un planteamiento para que las protestas por salario no se conviertan en el pan nuestro de cada d\u00eda, los maestros son personajes en el pa\u00eds muy importantes, pero ellos tambi\u00e9n son empleados p\u00fablicos de escuelas, liceos, universidades. Necesitamos m\u00e1s maestros, hay instituciones educativas que carecen de docentes en diferentes especialidades. La pregunta es \u00bfC\u00f3mo le van a pagar a m\u00e1s maestros si es que actualmente no hay ni siquiera para los que tienen trabajando?\u201d, asever\u00f3.<\/p>\n<p>A trav\u00e9s de una entrevista al programa matutino Primera P\u00e1gina, transmitido por Globovisi\u00f3n, hizo un llamado a una reforma del Estado porque a su juicio, es ineficiente. \u00abUn modelo que abarca de todo, tiene l\u00edneas a\u00e9reas, hoteles, fincas, f\u00e1bricas, fundaciones, pero no tienen dinero para los hospitales y la correcta remuneraci\u00f3n al personal de salud y tampoco para los educadores, as\u00ed que este Estado se ha convertido en su propio enemigo para el aumento salarial\u201d, dijo.<\/p>\n<p>Ferm\u00edn indic\u00f3 que la capacidad adquisitiva del salario ha estado muy erosionada debido a que los incrementos tambi\u00e9n provocan que los productos aumenten, lo que en poco tiempo \u00abvuelve sal y agua\u00bb\u00a0 el poder adquisitivo del ciudadano.<\/p>\n<p>\u201cUn nuevo modelo de Gobierno es necesario porque los incrementos hoy fueron apenas de un bono muy modesto, pero para que esto sea sustentable, para que realmente pueda alcanzar por m\u00e1s tiempo, el Estado debe ser modificado. Ellos se han convertido en su propia traba durante este tiempo\u201d, sostuvo.<\/p>\n<p>En este sentido, insisti\u00f3 que hay una franja muy grande de venezolanos que no son asalariados porque est\u00e1n desempleados, lo que genera otro problema. De igual forma, se\u00f1al\u00f3 que tambi\u00e9n los campesinos de los 17 estados que viven de la agricultura tienen tierras pero no cuentan con insumos ni financiamientos para trabajarlas.<\/p>\n<p>\u00abEl caso de los ca\u00f1icultores del estado Sucre, hay centrales azucareras donde la situaci\u00f3n es grav\u00edsima ya van para cuatro a\u00f1os sin zafra\u00bb. Hizo un llamado al Ejecutivo nacional para entregar a los agricultores los insumos necesarios, \u00abporque desde hace tres a\u00f1os y medio eso est\u00e1 completamente abandonado\u201d, indic\u00f3.<\/p>\n<p>\u00abNo podemos sacar el debate del aumento de salario de una pol\u00edtica antinflacionaria, tenemos que producir, si no hay producci\u00f3n y si no entran divisas al pa\u00eds c\u00f3mo se va a regular el cambio del d\u00f3lar, la situaci\u00f3n reclama un cambio de pol\u00edtica\u00bb, a\u00f1adi\u00f3.<\/p>\n<p>Memoria y Cuenta del presidente Nicol\u00e1s Maduro<\/p>\n<p>El presidente del partido Soluciones para Venezuela expres\u00f3 que el mandatario nacional fij\u00f3 una posici\u00f3n pol\u00edtica frente a las sanciones, con la intenci\u00f3n de ratificar \u00absu compromiso con hacer cambios\u00bb.<\/p>\n<p>\u00abPero lo que muchos esper\u00e1bamos es que sea para rendir cuentas, pero eso no ocurri\u00f3. M\u00e1s bien fue sustituida por un informe pol\u00edtico y no es que no tenga validez, pero yo creo que la cuenta qued\u00f3 pendiente\u00bb, sentenci\u00f3.<\/p>\n<p>Con informaci\u00f3n de www.globovision.com<\/p>\n","protected":false},"excerpt":{"rendered":"<p>El presidente del partido Soluciones para Venezuela, Claudio Ferm\u00edn, indic\u00f3 que actualmente no hay una pol\u00edtica permanente de control en la inflaci\u00f3n, \u00aben los \u00faltimos dos a\u00f1os fue derrotada la hiperinflaci\u00f3n pero ya los precios empezaron a subir, ya comenz\u00f3 a despegarse los bienes del acceso venezolano, as\u00ed que nosotros queremos reiterar nuestro respaldo a [&hellip;]<\/p>\n","protected":false},"author":19,"featured_media":236238,"comment_status":"closed","ping_status":"closed","sticky":false,"template":"","format":"standard","meta":{"footnotes":""},"categories":[11],"tags":[],"class_list":{"0":"post-236237","1":"post","2":"type-post","3":"status-publish","4":"format-standard","5":"has-post-thumbnail","7":"category-politica"},"_links":{"self":[{"href":"https:\/\/elluchador.info\/index.php?rest_route=\/wp\/v2\/posts\/236237","targetHints":{"allow":["GET"]}}],"collection":[{"href":"https:\/\/elluchador.info\/index.php?rest_route=\/wp\/v2\/posts"}],"about":[{"href":"https:\/\/elluchador.info\/index.php?rest_route=\/wp\/v2\/types\/post"}],"author":[{"embeddable":true,"href":"https:\/\/elluchador.info\/index.php?rest_route=\/wp\/v2\/users\/19"}],"replies":[{"embeddable":true,"href":"https:\/\/elluchador.info\/index.php?rest_route=%2Fwp%2Fv2%2Fcomments&post=236237"}],"version-history":[{"count":1,"href":"https:\/\/elluchador.info\/index.php?rest_route=\/wp\/v2\/posts\/236237\/revisions"}],"predecessor-version":[{"id":236239,"href":"https:\/\/elluchador.info\/index.php?rest_route=\/wp\/v2\/posts\/236237\/revisions\/236239"}],"wp:featuredmedia":[{"embeddable":true,"href":"https:\/\/elluchador.info\/index.php?rest_route=\/wp\/v2\/media\/236238"}],"wp:attachment":[{"href":"https:\/\/elluchador.info\/index.php?rest_route=%2Fwp%2Fv2%2Fmedia&parent=236237"}],"wp:term":[{"taxonomy":"category","embeddable":true,"href":"https:\/\/elluchador.info\/index.php?rest_route=%2Fwp%2Fv2%2Fcategories&post=236237"},{"taxonomy":"post_tag","embeddable":true,"href":"https:\/\/elluchador.info\/index.php?rest_route=%2Fwp%2Fv2%2Ftags&post=236237"}],"curies":[{"name":"wp","href":"https:\/\/api.w.org\/{rel}","templated":true}]}}