{"id":236360,"date":"2023-01-16T19:20:02","date_gmt":"2023-01-16T23:20:02","guid":{"rendered":"https:\/\/elluchador.info\/web\/?p=236360"},"modified":"2023-01-16T19:20:02","modified_gmt":"2023-01-16T23:20:02","slug":"gobernacion-de-bolivar-reconocio-labor-de-los-educadores","status":"publish","type":"post","link":"https:\/\/elluchador.info\/?p=236360","title":{"rendered":"Gobernaci\u00f3n de Bol\u00edvar reconoci\u00f3 labor de los educadores\u00a0"},"content":{"rendered":"<p>Con honores, la Gobernaci\u00f3n de Bol\u00edvar, Alcald\u00eda de Angostura del Orinoco y el Poder Legislativo, conmemoraron el D\u00eda del Educador, en la capital hist\u00f3rica, Ciudad Bol\u00edvar.<\/p>\n<p>La programaci\u00f3n inici\u00f3 con la acostumbrada misa de acci\u00f3n de gracias, oficiada en la Catedral Metropolitana, donde estuvieron presentes; Ovany Aguirre, secretaria general de Gobierno, acompa\u00f1ada por parte del Gabinete Ejecutivo del mandatario regional, \u00c1ngel Marcano, as\u00ed como directores de la Alcald\u00eda, Zona Educativa regional, y gremio docente en pleno.<\/p>\n<p>Posteriormente, las autoridades se dirigieron a la Casa del Congreso de Angostura para rendir honores al Libertador Sim\u00f3n Bol\u00edvar. El acto central tuvo lugar en el Consejo Legislativo del estado Bol\u00edvar (CLEB), donde se llev\u00f3 a cabo una sesi\u00f3n especial por el D\u00eda del Educador, en reconocimiento a la labor de los docentes, como forjadores de la sociedad.<\/p>\n<p><strong>Merecido reconocimiento\u00a0<\/strong><\/p>\n<p>El presidente del Parlamento regional, diputado Armando Barreto, dio inicio a la orden del d\u00eda, la conmemoraci\u00f3n del D\u00eda del Educador, teniendo como orador de orden a Betsi Coromoto Rodr\u00edguez, jubilada del gremio con amplia trayectoria, a quien se le hizo entrega de un reconocimiento.<\/p>\n<p>Durante su intervenci\u00f3n, Rodr\u00edguez, afirm\u00f3 que el mayor maestro ha sido Jes\u00fas, a trav\u00e9s del evangelio. \u201c\u00c9l asumi\u00f3 un apostolado de vida, Jes\u00fas anunciador de la vida, y nosotros hemos seguido este trabajo, con humildad, ense\u00f1ando a nuestros ni\u00f1os, ni\u00f1as y j\u00f3venes, porque educar exige una entrega total\u201d.<\/p>\n<p>Habl\u00f3 de las grandes transformaciones en educaci\u00f3n, a trav\u00e9s del sistema de la revoluci\u00f3n y sus misiones; Robinson, Sucre y Ribas, donde se logr\u00f3 erradicar el analfabetismo en el pa\u00eds, cumpliendo el legado del comandante Hugo Ch\u00e1vez.<\/p>\n<p><strong>Maestros: formadores de la patria\u00a0<\/strong><\/p>\n<p>Por su parte, la secretaria de Gobierno, Ovany Aguirre, felicit\u00f3 al gremio de educaci\u00f3n. \u201cEn nombre del gobernador \u00c1ngel Marcano, y de su esposa, Yajaira Arocha de Marcano, quien tambi\u00e9n es maestra, le damos el sitial de honor que merecen, quienes son los formadores de la patria\u201d.<\/p>\n<p>Afirm\u00f3 que los educadores, tienen en la Gobernaci\u00f3n del estado Bol\u00edvar, aliados para seguir en la lucha y en la batalla. \u201cTienen la mano de nuestro Gobernador para continuar con mayor humanismo e inclusi\u00f3n\u201d.<\/p>\n<p><strong>Prensa Gobernaci\u00f3n de Bol\u00edvar<\/strong><\/p>\n","protected":false},"excerpt":{"rendered":"<p>Con honores, la Gobernaci\u00f3n de Bol\u00edvar, Alcald\u00eda de Angostura del Orinoco y el Poder Legislativo, conmemoraron el D\u00eda del Educador, en la capital hist\u00f3rica, Ciudad Bol\u00edvar. La programaci\u00f3n inici\u00f3 con la acostumbrada misa de acci\u00f3n de gracias, oficiada en la Catedral Metropolitana, donde estuvieron presentes; Ovany Aguirre, secretaria general de Gobierno, acompa\u00f1ada por parte del [&hellip;]<\/p>\n","protected":false},"author":19,"featured_media":236361,"comment_status":"closed","ping_status":"closed","sticky":false,"template":"","format":"standard","meta":{"footnotes":""},"categories":[12],"tags":[],"class_list":{"0":"post-236360","1":"post","2":"type-post","3":"status-publish","4":"format-standard","5":"has-post-thumbnail","7":"category-regionales"},"_links":{"self":[{"href":"https:\/\/elluchador.info\/index.php?rest_route=\/wp\/v2\/posts\/236360","targetHints":{"allow":["GET"]}}],"collection":[{"href":"https:\/\/elluchador.info\/index.php?rest_route=\/wp\/v2\/posts"}],"about":[{"href":"https:\/\/elluchador.info\/index.php?rest_route=\/wp\/v2\/types\/post"}],"author":[{"embeddable":true,"href":"https:\/\/elluchador.info\/index.php?rest_route=\/wp\/v2\/users\/19"}],"replies":[{"embeddable":true,"href":"https:\/\/elluchador.info\/index.php?rest_route=%2Fwp%2Fv2%2Fcomments&post=236360"}],"version-history":[{"count":1,"href":"https:\/\/elluchador.info\/index.php?rest_route=\/wp\/v2\/posts\/236360\/revisions"}],"predecessor-version":[{"id":236362,"href":"https:\/\/elluchador.info\/index.php?rest_route=\/wp\/v2\/posts\/236360\/revisions\/236362"}],"wp:featuredmedia":[{"embeddable":true,"href":"https:\/\/elluchador.info\/index.php?rest_route=\/wp\/v2\/media\/236361"}],"wp:attachment":[{"href":"https:\/\/elluchador.info\/index.php?rest_route=%2Fwp%2Fv2%2Fmedia&parent=236360"}],"wp:term":[{"taxonomy":"category","embeddable":true,"href":"https:\/\/elluchador.info\/index.php?rest_route=%2Fwp%2Fv2%2Fcategories&post=236360"},{"taxonomy":"post_tag","embeddable":true,"href":"https:\/\/elluchador.info\/index.php?rest_route=%2Fwp%2Fv2%2Ftags&post=236360"}],"curies":[{"name":"wp","href":"https:\/\/api.w.org\/{rel}","templated":true}]}}