{"id":236390,"date":"2023-01-17T10:09:12","date_gmt":"2023-01-17T14:09:12","guid":{"rendered":"https:\/\/elluchador.info\/web\/?p=236390"},"modified":"2023-01-17T10:09:12","modified_gmt":"2023-01-17T14:09:12","slug":"papa-francisco-nombra-al-cardenal-baltazar-porras-como-arzobispo-de-la-arquidiocesis-de-caracas","status":"publish","type":"post","link":"https:\/\/elluchador.info\/?p=236390","title":{"rendered":"Papa Francisco nombra al Cardenal Baltazar Porras como Arzobispo de la Arquidi\u00f3cesis de Caracas"},"content":{"rendered":"<p>Este martes 17 de enero de 2023, el Papa Francisco nombr\u00f3 al Emmo. Cardenal Baltazar Enrique Porras Cardozo, Arzobispo de la Arquidi\u00f3cesis de Caracas.<\/p>\n<p>Por otra parte, al quedar vacante la Arquidi\u00f3cesis de M\u00e9rida, sucede de manera inmediata como Arzobispo, el Excmo. Mons. Helizandro Ter\u00e1n Berm\u00fadez, OSA, quien asume autom\u00e1ticamente el gobierno pastoral de esta Sede Metropolitana. Mons. Ter\u00e1n hab\u00eda sido nombrado el 19 de marzo de 2022, como Arzobispo Coadjutor, con derecho a sucesi\u00f3n. Se cumple as\u00ed, lo establecido en el Canon 409 del C\u00f3digo de Derecho Can\u00f3nico: \u201cAl quedar vacante la sede episcopal, el Obispo coadjutor pasa inmediatamente a ser Obispo de la di\u00f3cesis para la que fue nombrado\u201d.<\/p>\n<p>El Cardenal Baltazar Porras fue nombrado Administrador Apost\u00f3lico de Caracas el 09 de julio de 2018 iniciando su servicio pastoral en la Arquidi\u00f3cesis de Caracas el 24 de julio del mismo a\u00f1o.<\/p>\n<p>Resumen Curricular del Cardenal Baltazar Porras<\/p>\n<p>El Emmo. Card. Baltazar Enrique Porras Cardozo naci\u00f3 el 10 de octubre de 1944 en Caracas. Despu\u00e9s de sus estudios de Bachillerato y Filosof\u00eda en el Seminario Interdiocesano de Caracas (1955-1962), fue enviado a la Pontificia Universidad de Salamanca, Espa\u00f1a, (1962-1966), donde obtuvo la Licenciatura en Teolog\u00eda, en 1966. Posteriormente, consigui\u00f3 el Doctorado en Teolog\u00eda Pastoral en el Instituto Superior de Pastoral de la misma Universidad en 1977.<\/p>\n<p>Fue ordenado Sacerdote el 30 de julio de 1967 en la Catedral de Calabozo. En esta Di\u00f3cesis fue Vicario Cooperador, P\u00e1rroco, Asesor Diocesano de Cursillos, profesor en el Seminario y en otros institutos p\u00fablicos y privados. Director del Colegio Ntra. Sra. del Rosario y profesor del IUT de los Llanos.<\/p>\n<p>Transferido a Caracas, fue Vicerrector del Seminario Interdiocesano y Director de Estudios (1978-1979); desempe\u00f1\u00f3 el cargo de Rector del Seminario San Jos\u00e9 de El Hatillo (1979-1983). San Juan Pablo II, el 30 de julio de 1983, lo nombr\u00f3 Obispo Titular de Lamdia y Auxiliar de la Arquidi\u00f3cesis de M\u00e9rida. Recibi\u00f3 la ordenaci\u00f3n episcopal el 17 de septiembre del mismo a\u00f1o.<\/p>\n<p>El 30 de octubre de 1991 fue nombrado Arzobispo Metropolitano de M\u00e9rida, y tom\u00f3 posesi\u00f3n el 5 de diciembre del mismo a\u00f1o. El 2 de marzo de 1998, fue tambi\u00e9n nombrado Administrador Apost\u00f3lico Sede Vacante de la Di\u00f3cesis de San Crist\u00f3bal, hasta el 8 de junio de 1999.<\/p>\n<p>El 19 de noviembre 2016 fue creado Cardenal por Su Santidad el Papa Francisco.<\/p>\n<p>En la Curia Romana es Miembro de la Pontificia Comisi\u00f3n para Am\u00e9rica Latina, y de los Dicasterios para el Clero; para los Laicos-Familia y Vida; para la Cultura y la Educaci\u00f3n.<\/p>\n<p>Entre otros cargos ha desempe\u00f1ado los siguientes: Consultor de la Pontificia Comisi\u00f3n de Bienes Culturales de la Iglesia (1995-1997) y Miembro de la misma (1997-2002 y 2002-2007). Miembro de la Comisi\u00f3n Postsinodal del S\u00ednodo de Am\u00e9rica (1997). Presidente de la Conferencia Episcopal Venezolana (1999-2006). Presidente de la Comisi\u00f3n Episcopal de Cultura y Medios de Comunicaci\u00f3n Social (2006-2009). Vicepresidente del CELAM (2007-2011). Presidente de la Comisi\u00f3n Episcopal de Pastoral Social y de C\u00e1ritas Venezuela (2012-2015). Presidente delegado para el S\u00ednodo Panamaz\u00f3nico (2019).<\/p>\n<p>Resumen Curricular de Mons. Helizandro Ter\u00e1n<\/p>\n<p>Mons. Helizandro Ter\u00e1n Berm\u00fadez naci\u00f3 en la ciudad de Maracaibo el d\u00eda 7 de junio de 1965. Ingres\u00f3 en la Orden de San Agust\u00edn (OSA) y realiz\u00f3 su primera profesi\u00f3n religiosa en 1992. El 9 de septiembre de 1995, es ordenado presb\u00edtero por Mons. Ovidio P\u00e9rez Morales, en la parroquia Agustiniana Ntra. Sra. Del Perpetuo Socorro, en Maracaibo.<\/p>\n<p>En 1996 concluye sus estudios universitarios, obteniendo el t\u00edtulo de \u201cLicenciado en Educaci\u00f3n Integral\u201d, otorgado por la Universidad Cat\u00f3lica Cecilio Acosta de Maracaibo. En 1998 se recibe como \u201cLicenciado en Teolog\u00eda Dogm\u00e1tica\u201d, por la Pontificia Universidad Gregoriana de Roma (Italia) menci\u00f3n Summa Cum Laude.<\/p>\n<p>Posteriormente, en el a\u00f1o 2000, obtiene el t\u00edtulo de \u201cBaccalaureatum en Filosof\u00eda\u201d por la Pontifica Universidad Salesiana de Roma (Italia), menci\u00f3n Summa Cum Laude.<\/p>\n<p>En el 2005 defiende su tesis doctoral titulada: \u201cMaria Typus Ecclesiae in Doctrina Sancti Augustini\u201d; obteniendo as\u00ed el grado de: \u201cDoctorado en Teolog\u00eda Dogm\u00e1tica\u201d, en 2005, con menci\u00f3n Summa Cum Laude.<\/p>\n<p>En cuanto a su actividad religiosa y profesional, Mons. Ter\u00e1n conoce los idiomas ingl\u00e9s, franc\u00e9s, italiano y alem\u00e1n. Se incorpora como Profesor de pregrado en la Facultad de Teolog\u00eda de la Universidad Andr\u00e9s Bello de Caracas en 1999, impartiendo las c\u00e1tedras de: Antropolog\u00eda Teol\u00f3gica y Misterio de Dios. En julio de 1999 es electo Consejero y Secretario Vicarial, formando parte del equipo de gobierno del Vicariato de los Agustinos en Venezuela, para el cuatrienio 1999-2002.<\/p>\n<p>Ejerce la docencia a nivel de bachillerato en el Colegio San Agust\u00edn de Caricuao, a partir del a\u00f1o 2000, y se dedica a la animaci\u00f3n pastoral de los alumnos. En 2006, es nombrado Rector del Colegio San Agust\u00edn de Caricuao. En julio de 2010 es electo Superior Mayor de los Agustinos en Venezuela, para el cuatrienio 2010-2014. El Papa Francisco lo nombr\u00f3 Obispo de la Di\u00f3cesis de Ciudad Guayana el 29 de julio de 2017.<\/p>\n<p>Con informaci\u00f3n de www.globovision.com<\/p>\n","protected":false},"excerpt":{"rendered":"<p>Este martes 17 de enero de 2023, el Papa Francisco nombr\u00f3 al Emmo. Cardenal Baltazar Enrique Porras Cardozo, Arzobispo de la Arquidi\u00f3cesis de Caracas. Por otra parte, al quedar vacante la Arquidi\u00f3cesis de M\u00e9rida, sucede de manera inmediata como Arzobispo, el Excmo. Mons. Helizandro Ter\u00e1n Berm\u00fadez, OSA, quien asume autom\u00e1ticamente el gobierno pastoral de esta [&hellip;]<\/p>\n","protected":false},"author":19,"featured_media":236391,"comment_status":"closed","ping_status":"closed","sticky":false,"template":"","format":"standard","meta":{"footnotes":""},"categories":[9],"tags":[],"class_list":{"0":"post-236390","1":"post","2":"type-post","3":"status-publish","4":"format-standard","5":"has-post-thumbnail","7":"category-nacionales"},"_links":{"self":[{"href":"https:\/\/elluchador.info\/index.php?rest_route=\/wp\/v2\/posts\/236390","targetHints":{"allow":["GET"]}}],"collection":[{"href":"https:\/\/elluchador.info\/index.php?rest_route=\/wp\/v2\/posts"}],"about":[{"href":"https:\/\/elluchador.info\/index.php?rest_route=\/wp\/v2\/types\/post"}],"author":[{"embeddable":true,"href":"https:\/\/elluchador.info\/index.php?rest_route=\/wp\/v2\/users\/19"}],"replies":[{"embeddable":true,"href":"https:\/\/elluchador.info\/index.php?rest_route=%2Fwp%2Fv2%2Fcomments&post=236390"}],"version-history":[{"count":1,"href":"https:\/\/elluchador.info\/index.php?rest_route=\/wp\/v2\/posts\/236390\/revisions"}],"predecessor-version":[{"id":236392,"href":"https:\/\/elluchador.info\/index.php?rest_route=\/wp\/v2\/posts\/236390\/revisions\/236392"}],"wp:featuredmedia":[{"embeddable":true,"href":"https:\/\/elluchador.info\/index.php?rest_route=\/wp\/v2\/media\/236391"}],"wp:attachment":[{"href":"https:\/\/elluchador.info\/index.php?rest_route=%2Fwp%2Fv2%2Fmedia&parent=236390"}],"wp:term":[{"taxonomy":"category","embeddable":true,"href":"https:\/\/elluchador.info\/index.php?rest_route=%2Fwp%2Fv2%2Fcategories&post=236390"},{"taxonomy":"post_tag","embeddable":true,"href":"https:\/\/elluchador.info\/index.php?rest_route=%2Fwp%2Fv2%2Ftags&post=236390"}],"curies":[{"name":"wp","href":"https:\/\/api.w.org\/{rel}","templated":true}]}}