{"id":236409,"date":"2023-01-17T11:40:42","date_gmt":"2023-01-17T15:40:42","guid":{"rendered":"https:\/\/elluchador.info\/web\/?p=236409"},"modified":"2023-01-17T11:40:42","modified_gmt":"2023-01-17T15:40:42","slug":"en-brasil-acusan-a-39-personas-por-intentona-golpista","status":"publish","type":"post","link":"https:\/\/elluchador.info\/?p=236409","title":{"rendered":"En Brasil acusan a 39 personas por intentona golpista"},"content":{"rendered":"<p>La Fiscal\u00eda de Brasil acus\u00f3 formalmente este lunes a 39 personas vinculadas a la intentona golpista del pasado 8 de enero, cuando disturbios de bolsonaristas intentaron derrocar el gobierno de Lula da Silva.<\/p>\n<p>Al precisar la denuncia ante la Corte Suprema, el ente brasile\u00f1o precis\u00f3 que los acusados deber\u00e1n responder por seis delitos, entre \u00e9stos: intento de golpe de Estado, asociaci\u00f3n criminal armada, abolici\u00f3n violenta del Estado Democr\u00e1tico de Derecho y da\u00f1os al patrimonio nacional, report\u00f3 Telesur.<\/p>\n<p>El vicefiscal general, Carlos Frederico Santos, coordinador del Grupo Estrat\u00e9gico de Combate a los Actos Antidemocr\u00e1ticos \u2013 creado la semana pasada por el procurador general de la Rep\u00fablica, Augusto Aras \u2013 elev\u00f3 la querella a petici\u00f3n del presidente del Senado, Rodrigo Pacheco.<\/p>\n<p>Asimismo, el funcionario solicit\u00f3 la prisi\u00f3n preventiva de los indiciados \u00abpara evitar que se cometan nuevos delitos violentos contra el Estado Democr\u00e1tico de Derecho\u00bb, se\u00f1al\u00f3 un comunicado del Ministerio P\u00fablico.<\/p>\n<p>Solicitan bloqueo de bienes<\/p>\n<p>Adem\u00e1s, se gestion\u00f3 el bloqueo de bienes por un total de 40 millones de reales (unos 7.7 millones de d\u00f3lares) para reparar el da\u00f1o \u00abtanto material a la propiedad p\u00fablica como a la moral colectiva\u00bb. Tambi\u00e9n se solicit\u00f3 la suspensi\u00f3n del cargo o de las p\u00e9rdidas de cargos o funciones p\u00fablicas en aquellos casos correspondientes.<\/p>\n<p>Por la invasi\u00f3n de espacios del Congreso, la Corte Suprema y la Presidencia en las que se destruy\u00f3 propiedad del Estado y se hizo un llamado a la desobediencia p\u00fablica hay ya abiertas 7 investigaciones, rese\u00f1aron medios locales.<\/p>\n<p>En las inquisitorias est\u00e1n incluidas unos 1.800 detenidos, aunque una tercera parte fue liberada por \u201crazones humanitarias\u201d y responder\u00e1 al proceso judicial en libertad.<\/p>\n<p>Castigar a los culpables de la intentona golpista<\/p>\n<p>Carlos Frederico Santos, se\u00f1al\u00f3 en una entrevista a la televisora GloboNews que \u00abla Procuradur\u00eda General de la Rep\u00fablica est\u00e1 empe\u00f1ada en castigar severamente a esas personas que han practicado esos actos antidemocr\u00e1ticos, incluso con efectos pedag\u00f3gicos, para que no se repitan\u00bb.<\/p>\n<p>Precis\u00f3 que \u00abel objetivo es determinar de forma r\u00e1pida, determinada y castigar a los culpables\u00bb, dijo Santos, citado por Prensa Latina.<\/p>\n<p>Se\u00f1al\u00f3 que los denunciados fueron arrestados dentro del Senado y actuaban con la finalidad de derrocar al actual gobierno del presidente Luiz In\u00e1cio Lula da Silva, lo cual es contrario a la ley.<\/p>\n<p>\u00abLa elecci\u00f3n ha terminado, dentro de cuatro a\u00f1os tendremos nuevas elecciones y que se busque los medios democr\u00e1ticos y correctos para exponer sus ideas, pero no practicando ese tipo de acto que hiere la seguridad, ese tipo de acto que hiere a la democracia, ese tipo de acto que busca de forma ileg\u00edtima apoderarse del poder\u00bb, enfatiz\u00f3.<\/p>\n<p>El presidente del Senado, Rodrigo Pacheco, entreg\u00f3 a Aras el viernes una representaci\u00f3n con informaci\u00f3n sobre terroristas que invadieron el Congreso Nacional.<\/p>\n<p>Pacheco indic\u00f3 que, adem\u00e1s de los datos de los criminales, el documento conten\u00eda sugerencias, elaborado por la Abogac\u00eda General del Senado, de castigos y reparaci\u00f3n de da\u00f1os.<\/p>\n<p>Ratifican investigaci\u00f3n de Bolsonaro<\/p>\n<p>Tambi\u00e9n este lunes ratificaron la decisi\u00f3n, anunciada el 13 de enero, de investigar al exmandatario Jair Bolsonaro por la vinculaci\u00f3n con los actos terroristas de sus partidarios en la intentona golpista del pasado 8 de enero.<\/p>\n<p>\u00abJair Bolsonaro no tiene foro privilegiado, por lo que es parte de la investigaci\u00f3n, fue una solicitud de la PGR (Procuradur\u00eda General de la Rep\u00fablica). Ser\u00e1 inquirido y est\u00e1 sometido a todo procedimiento como cualquier ciudadano brasile\u00f1o y las indagaciones avanzar\u00e1n\u00bb, decalr\u00f3 a TV 247 el interventor en la Seguridad P\u00fablica del Distrito Federal, Ricardo Cappelli, rese\u00f1\u00f3 Prensa Latina.<\/p>\n<p>Resulta m\u00e1s grave, precis\u00f3 Cappelli, que \u00abBrasil sabe que, parte de todo lo sucedido obviamente, tiene una inspiraci\u00f3n intelectual, por lo menos, directa en Jair Bolsonaro\u00bb.<\/p>\n<p>Denunci\u00f3 que el exmilitar \u00abpas\u00f3 a\u00f1os atacando al Supremo Tribunal Federal (STF), a las instituciones democr\u00e1ticas. Es \u00e9l quien insiste en intentar deslegitimar la elecci\u00f3n del presidente Lula\u00bb, apunt\u00f3.<\/p>\n<p>Para el mediador, \u00abBolsonaro sirve de inspiraci\u00f3n para los terroristas que intentaron dar un golpe de Estado e imponer un r\u00e9gimen militar\u00bb, el 8 de enero en esta capital.<\/p>\n<p>Con informaci\u00f3n de ultimasnoticias.com.ve<\/p>\n","protected":false},"excerpt":{"rendered":"<p>La Fiscal\u00eda de Brasil acus\u00f3 formalmente este lunes a 39 personas vinculadas a la intentona golpista del pasado 8 de enero, cuando disturbios de bolsonaristas intentaron derrocar el gobierno de Lula da Silva. Al precisar la denuncia ante la Corte Suprema, el ente brasile\u00f1o precis\u00f3 que los acusados deber\u00e1n responder por seis delitos, entre \u00e9stos: [&hellip;]<\/p>\n","protected":false},"author":19,"featured_media":236410,"comment_status":"closed","ping_status":"closed","sticky":false,"template":"","format":"standard","meta":{"footnotes":""},"categories":[8],"tags":[],"class_list":{"0":"post-236409","1":"post","2":"type-post","3":"status-publish","4":"format-standard","5":"has-post-thumbnail","7":"category-internacionales"},"_links":{"self":[{"href":"https:\/\/elluchador.info\/index.php?rest_route=\/wp\/v2\/posts\/236409","targetHints":{"allow":["GET"]}}],"collection":[{"href":"https:\/\/elluchador.info\/index.php?rest_route=\/wp\/v2\/posts"}],"about":[{"href":"https:\/\/elluchador.info\/index.php?rest_route=\/wp\/v2\/types\/post"}],"author":[{"embeddable":true,"href":"https:\/\/elluchador.info\/index.php?rest_route=\/wp\/v2\/users\/19"}],"replies":[{"embeddable":true,"href":"https:\/\/elluchador.info\/index.php?rest_route=%2Fwp%2Fv2%2Fcomments&post=236409"}],"version-history":[{"count":1,"href":"https:\/\/elluchador.info\/index.php?rest_route=\/wp\/v2\/posts\/236409\/revisions"}],"predecessor-version":[{"id":236411,"href":"https:\/\/elluchador.info\/index.php?rest_route=\/wp\/v2\/posts\/236409\/revisions\/236411"}],"wp:featuredmedia":[{"embeddable":true,"href":"https:\/\/elluchador.info\/index.php?rest_route=\/wp\/v2\/media\/236410"}],"wp:attachment":[{"href":"https:\/\/elluchador.info\/index.php?rest_route=%2Fwp%2Fv2%2Fmedia&parent=236409"}],"wp:term":[{"taxonomy":"category","embeddable":true,"href":"https:\/\/elluchador.info\/index.php?rest_route=%2Fwp%2Fv2%2Fcategories&post=236409"},{"taxonomy":"post_tag","embeddable":true,"href":"https:\/\/elluchador.info\/index.php?rest_route=%2Fwp%2Fv2%2Ftags&post=236409"}],"curies":[{"name":"wp","href":"https:\/\/api.w.org\/{rel}","templated":true}]}}