{"id":236481,"date":"2023-01-17T18:16:19","date_gmt":"2023-01-17T22:16:19","guid":{"rendered":"https:\/\/elluchador.info\/web\/?p=236481"},"modified":"2023-01-17T18:16:19","modified_gmt":"2023-01-17T22:16:19","slug":"colombia-adopta-regulacion-unica-para-atencion-integral-en-salud-del-aborto","status":"publish","type":"post","link":"https:\/\/elluchador.info\/?p=236481","title":{"rendered":"Colombia adopta regulaci\u00f3n \u00fanica para \u00abatenci\u00f3n integral en salud\u00bb del aborto"},"content":{"rendered":"<p>El Gobierno colombiano anunci\u00f3 este martes la adopci\u00f3n de una regulaci\u00f3n \u00fanica para la atenci\u00f3n integral en salud del aborto, que prev\u00e9 que este procedimiento se brinde \u00abbajo est\u00e1ndares de calidad\u00bb como \u00abaccesibilidad, seguridad, integralidad, pertinencia, satisfacci\u00f3n, eficacia, eficiencia y continuidad\u00bb.<\/p>\n<blockquote class=\"wp-block-quote\"><p>\u00abLa resoluci\u00f3n (del Ministerio de Salud) precisa que la dignidad humana, la autodeterminaci\u00f3n reproductiva, as\u00ed como la igualdad y la no discriminaci\u00f3n entre otros, son los principios que orientan la interrupci\u00f3n voluntaria del embarazo\u00bb, se\u00f1al\u00f3 esa cartera en un comunicado.<\/p>\n<p>&nbsp;<\/p><\/blockquote>\n<p>La sentencia emitida por el tribunal colombiano en febrero pasado, tras meses de trabas y retrasos, modifica el art\u00edculo 122 del C\u00f3digo Penal despenalizando el aborto hasta la semana 24 de gestaci\u00f3n, manteniendo las tres causales despenalizadas en 2006 sin l\u00edmite de gestaci\u00f3n: salud y riesgo de la madre; malformaci\u00f3n del feto, y violaci\u00f3n o incesto.<\/p>\n<p>Hasta ese momento, el delito del C\u00f3digo Penal condenaba a la mujer que abortara con hasta 54 meses de prisi\u00f3n.<\/p>\n<p>ALCANCE DE LA RESOLUCI\u00d3N<\/p>\n<blockquote class=\"wp-block-quote\"><p>La regulaci\u00f3n adoptada por el Ministerio tambi\u00e9n prev\u00e9 \u00abconsideraciones acerca de la edad, el nivel de educaci\u00f3n, la etnia, el nivel socioecon\u00f3mico, la identidad de g\u00e9nero, la condici\u00f3n de discapacidad o si se trata de poblaci\u00f3n urbana o rural, constituyen, entre otros, elementos que definen el enfoque para la atenci\u00f3n integral en salud\u00bb.<\/p><\/blockquote>\n<blockquote class=\"wp-block-quote\"><p>Igualmente la atenci\u00f3n integral para el aborto ser\u00e1 brindada \u00aba partir de la expresi\u00f3n de la voluntad de la ni\u00f1a, adolescente, mujer o persona gestante\u00bb, con lo que se incluye a \u00abtoda persona con capacidad biol\u00f3gica de quedar en embarazo y atravesar el proceso de gestaci\u00f3n, lo que abarca hombres transg\u00e9nero, transmasculinidades, personas no binarias o personas intersexuales, sin excluir otras identidades de g\u00e9nero con las cuales la persona se autoreconozca\u00bb.<\/p><\/blockquote>\n<p>Los profesionales de la salud tambi\u00e9n deber\u00e1n identificar alguna de las tres causales cuando presten la atenci\u00f3n integral para la interrupci\u00f3n voluntaria del embarazo despu\u00e9s de la semana 24 de gestaci\u00f3n, que son violaci\u00f3n o incesto, riesgo de la madre o malformaci\u00f3n del feto.<\/p>\n<p>EFE<\/p>\n","protected":false},"excerpt":{"rendered":"<p>El Gobierno colombiano anunci\u00f3 este martes la adopci\u00f3n de una regulaci\u00f3n \u00fanica para la atenci\u00f3n integral en salud del aborto, que prev\u00e9 que este procedimiento se brinde \u00abbajo est\u00e1ndares de calidad\u00bb como \u00abaccesibilidad, seguridad, integralidad, pertinencia, satisfacci\u00f3n, eficacia, eficiencia y continuidad\u00bb. \u00abLa resoluci\u00f3n (del Ministerio de Salud) precisa que la dignidad humana, la autodeterminaci\u00f3n reproductiva, [&hellip;]<\/p>\n","protected":false},"author":19,"featured_media":236482,"comment_status":"closed","ping_status":"closed","sticky":false,"template":"","format":"standard","meta":{"footnotes":""},"categories":[8],"tags":[],"class_list":{"0":"post-236481","1":"post","2":"type-post","3":"status-publish","4":"format-standard","5":"has-post-thumbnail","7":"category-internacionales"},"_links":{"self":[{"href":"https:\/\/elluchador.info\/index.php?rest_route=\/wp\/v2\/posts\/236481","targetHints":{"allow":["GET"]}}],"collection":[{"href":"https:\/\/elluchador.info\/index.php?rest_route=\/wp\/v2\/posts"}],"about":[{"href":"https:\/\/elluchador.info\/index.php?rest_route=\/wp\/v2\/types\/post"}],"author":[{"embeddable":true,"href":"https:\/\/elluchador.info\/index.php?rest_route=\/wp\/v2\/users\/19"}],"replies":[{"embeddable":true,"href":"https:\/\/elluchador.info\/index.php?rest_route=%2Fwp%2Fv2%2Fcomments&post=236481"}],"version-history":[{"count":1,"href":"https:\/\/elluchador.info\/index.php?rest_route=\/wp\/v2\/posts\/236481\/revisions"}],"predecessor-version":[{"id":236483,"href":"https:\/\/elluchador.info\/index.php?rest_route=\/wp\/v2\/posts\/236481\/revisions\/236483"}],"wp:featuredmedia":[{"embeddable":true,"href":"https:\/\/elluchador.info\/index.php?rest_route=\/wp\/v2\/media\/236482"}],"wp:attachment":[{"href":"https:\/\/elluchador.info\/index.php?rest_route=%2Fwp%2Fv2%2Fmedia&parent=236481"}],"wp:term":[{"taxonomy":"category","embeddable":true,"href":"https:\/\/elluchador.info\/index.php?rest_route=%2Fwp%2Fv2%2Fcategories&post=236481"},{"taxonomy":"post_tag","embeddable":true,"href":"https:\/\/elluchador.info\/index.php?rest_route=%2Fwp%2Fv2%2Ftags&post=236481"}],"curies":[{"name":"wp","href":"https:\/\/api.w.org\/{rel}","templated":true}]}}