{"id":236484,"date":"2023-01-17T18:18:19","date_gmt":"2023-01-17T22:18:19","guid":{"rendered":"https:\/\/elluchador.info\/web\/?p=236484"},"modified":"2023-01-17T18:18:19","modified_gmt":"2023-01-17T22:18:19","slug":"greta-thunberg-fue-retenida-en-una-protesta-en-alemania","status":"publish","type":"post","link":"https:\/\/elluchador.info\/?p=236484","title":{"rendered":"Greta Thunberg fue retenida en una protesta en Alemania"},"content":{"rendered":"<p>La polic\u00eda alemana desaloj\u00f3 hoy por la fuerza a la activista sueca Greta Thunberg de un acci\u00f3n de bloqueo de grupos de activistas medioambientales\u00a0en las inmediaciones de la poblaci\u00f3n de L\u00fctzerath (oeste), desmantelada para ampliar una mina de lignito.<\/p>\n<p>La activista se habr\u00eda unido a los manfiestantes el pasado viernes 13 de enero, tras la medida de desalojar y demoler el pueblo para ampliar una mina de carb\u00f3n a cielo abierto en la localidad.<\/p>\n<blockquote class=\"wp-block-quote\"><p>De acuerdo al portal de noticias\u00a0Europa Press, \u00abel pueblo de L\u00fctzerath, en el oeste de Alemania y abandonado desde hace tiempo por sus habitantes, segu\u00eda ocupado hasta este domingo por la tarde por un reducido n\u00famero de activistas opuestos a la expansi\u00f3n de la explotaci\u00f3n de carb\u00f3n en la zona por parte de la empresa energ\u00e9tica RWE\u00bb.<\/p><\/blockquote>\n<p>Seg\u00fan informaciones de la televisi\u00f3n p\u00fablica regional WDR, tanto a Thunberg como al resto de activistas se les transport\u00f3 unos 50 metros fuera del lugar y se procedi\u00f3 a controlar sus documentos de identidad.<\/p>\n<p>Uni\u00f3n Radio<\/p>\n","protected":false},"excerpt":{"rendered":"<p>La polic\u00eda alemana desaloj\u00f3 hoy por la fuerza a la activista sueca Greta Thunberg de un acci\u00f3n de bloqueo de grupos de activistas medioambientales\u00a0en las inmediaciones de la poblaci\u00f3n de L\u00fctzerath (oeste), desmantelada para ampliar una mina de lignito. La activista se habr\u00eda unido a los manfiestantes el pasado viernes 13 de enero, tras la [&hellip;]<\/p>\n","protected":false},"author":19,"featured_media":236485,"comment_status":"closed","ping_status":"closed","sticky":false,"template":"","format":"standard","meta":{"footnotes":""},"categories":[8],"tags":[],"class_list":{"0":"post-236484","1":"post","2":"type-post","3":"status-publish","4":"format-standard","5":"has-post-thumbnail","7":"category-internacionales"},"_links":{"self":[{"href":"https:\/\/elluchador.info\/index.php?rest_route=\/wp\/v2\/posts\/236484","targetHints":{"allow":["GET"]}}],"collection":[{"href":"https:\/\/elluchador.info\/index.php?rest_route=\/wp\/v2\/posts"}],"about":[{"href":"https:\/\/elluchador.info\/index.php?rest_route=\/wp\/v2\/types\/post"}],"author":[{"embeddable":true,"href":"https:\/\/elluchador.info\/index.php?rest_route=\/wp\/v2\/users\/19"}],"replies":[{"embeddable":true,"href":"https:\/\/elluchador.info\/index.php?rest_route=%2Fwp%2Fv2%2Fcomments&post=236484"}],"version-history":[{"count":1,"href":"https:\/\/elluchador.info\/index.php?rest_route=\/wp\/v2\/posts\/236484\/revisions"}],"predecessor-version":[{"id":236486,"href":"https:\/\/elluchador.info\/index.php?rest_route=\/wp\/v2\/posts\/236484\/revisions\/236486"}],"wp:featuredmedia":[{"embeddable":true,"href":"https:\/\/elluchador.info\/index.php?rest_route=\/wp\/v2\/media\/236485"}],"wp:attachment":[{"href":"https:\/\/elluchador.info\/index.php?rest_route=%2Fwp%2Fv2%2Fmedia&parent=236484"}],"wp:term":[{"taxonomy":"category","embeddable":true,"href":"https:\/\/elluchador.info\/index.php?rest_route=%2Fwp%2Fv2%2Fcategories&post=236484"},{"taxonomy":"post_tag","embeddable":true,"href":"https:\/\/elluchador.info\/index.php?rest_route=%2Fwp%2Fv2%2Ftags&post=236484"}],"curies":[{"name":"wp","href":"https:\/\/api.w.org\/{rel}","templated":true}]}}