{"id":236487,"date":"2023-01-17T18:19:58","date_gmt":"2023-01-17T22:19:58","guid":{"rendered":"https:\/\/elluchador.info\/web\/?p=236487"},"modified":"2023-01-17T18:19:58","modified_gmt":"2023-01-17T22:19:58","slug":"peruanos-avanzan-hacia-lima-para-marchar-contra-dina-boluarte","status":"publish","type":"post","link":"https:\/\/elluchador.info\/?p=236487","title":{"rendered":"Peruanos avanzan hacia Lima para marchar contra Dina Boluarte"},"content":{"rendered":"<p>Este martes 17 de enero de 2023, sigue el\u00a0paro nacional indefinido en Per\u00fa. Se tiene previsto que lleguen a Lima las\u00a0comunidades aimaras\u00a0para insistir en la\u00a0renuncia de Dina Boluarte.<\/p>\n<p>Asimismo, estas manifestaciones, que ya se han cobrado la vida de casi 40 ciudadanos, exigen el cierre del\u00a0Congreso\u00a0y demandan elecciones generales este 2023 y asamblea constituyente.<\/p>\n<h3>Movilizaciones hacia Lima<\/h3>\n<p>En Humay, un pueblo a unos 240 km al sureste de Lima, al mnos 200 pobladores de Andahuaylas que viajaban este lunes en una caravana de veh\u00edculos fueron bloqueados por la polic\u00eda para realizarles control de identificaci\u00f3n.<\/p>\n<p>La polic\u00eda cort\u00f3 ah\u00ed la carretera Libertadores para impedir el paso y detuvo a cuatro conductores por no tener en regla papeles administrativos.<\/p>\n<p>La Defensor\u00eda del Pueblo solicit\u00f3 a las fuerzas policiales a permitir el paso de camiones con campesinos hacia Lima para participar en la \u00a0\u201cMarcha de los Cuatro Suyos\u201d.<\/p>\n<p>Para frenar las movilizaciones y protestas el Gobierno de Dina Boluarte ampli\u00f3 el s\u00e1bado el estado de emergencia por 30 d\u00edas en Lima, Cusco, Callao y Puno, autorizando a los militares a intervenir junto a la polic\u00eda para contener a las protestas.<\/p>\n<p>Tambi\u00e9n extendi\u00f3 por al menos 10 d\u00edas el toque de queda de las 20H00 a las 4H00 en la regi\u00f3n de Puno.<\/p>\n<p>Agencias<\/p>\n","protected":false},"excerpt":{"rendered":"<p>Este martes 17 de enero de 2023, sigue el\u00a0paro nacional indefinido en Per\u00fa. Se tiene previsto que lleguen a Lima las\u00a0comunidades aimaras\u00a0para insistir en la\u00a0renuncia de Dina Boluarte. Asimismo, estas manifestaciones, que ya se han cobrado la vida de casi 40 ciudadanos, exigen el cierre del\u00a0Congreso\u00a0y demandan elecciones generales este 2023 y asamblea constituyente. Movilizaciones [&hellip;]<\/p>\n","protected":false},"author":19,"featured_media":236488,"comment_status":"closed","ping_status":"closed","sticky":false,"template":"","format":"standard","meta":{"footnotes":""},"categories":[8],"tags":[],"class_list":{"0":"post-236487","1":"post","2":"type-post","3":"status-publish","4":"format-standard","5":"has-post-thumbnail","7":"category-internacionales"},"_links":{"self":[{"href":"https:\/\/elluchador.info\/index.php?rest_route=\/wp\/v2\/posts\/236487","targetHints":{"allow":["GET"]}}],"collection":[{"href":"https:\/\/elluchador.info\/index.php?rest_route=\/wp\/v2\/posts"}],"about":[{"href":"https:\/\/elluchador.info\/index.php?rest_route=\/wp\/v2\/types\/post"}],"author":[{"embeddable":true,"href":"https:\/\/elluchador.info\/index.php?rest_route=\/wp\/v2\/users\/19"}],"replies":[{"embeddable":true,"href":"https:\/\/elluchador.info\/index.php?rest_route=%2Fwp%2Fv2%2Fcomments&post=236487"}],"version-history":[{"count":1,"href":"https:\/\/elluchador.info\/index.php?rest_route=\/wp\/v2\/posts\/236487\/revisions"}],"predecessor-version":[{"id":236489,"href":"https:\/\/elluchador.info\/index.php?rest_route=\/wp\/v2\/posts\/236487\/revisions\/236489"}],"wp:featuredmedia":[{"embeddable":true,"href":"https:\/\/elluchador.info\/index.php?rest_route=\/wp\/v2\/media\/236488"}],"wp:attachment":[{"href":"https:\/\/elluchador.info\/index.php?rest_route=%2Fwp%2Fv2%2Fmedia&parent=236487"}],"wp:term":[{"taxonomy":"category","embeddable":true,"href":"https:\/\/elluchador.info\/index.php?rest_route=%2Fwp%2Fv2%2Fcategories&post=236487"},{"taxonomy":"post_tag","embeddable":true,"href":"https:\/\/elluchador.info\/index.php?rest_route=%2Fwp%2Fv2%2Ftags&post=236487"}],"curies":[{"name":"wp","href":"https:\/\/api.w.org\/{rel}","templated":true}]}}