{"id":236526,"date":"2023-01-18T13:27:12","date_gmt":"2023-01-18T17:27:12","guid":{"rendered":"https:\/\/elluchador.info\/web\/?p=236526"},"modified":"2023-01-18T13:27:12","modified_gmt":"2023-01-18T17:27:12","slug":"ministro-de-interior-ucraniano-fallece-tras-estrellarse-helicoptero-en-kiev","status":"publish","type":"post","link":"https:\/\/elluchador.info\/?p=236526","title":{"rendered":"Ministro de Interior ucraniano fallece tras estrellarse helic\u00f3ptero en Kiev"},"content":{"rendered":"<p>El ministro ucraniano del Interior, Denis Monastyrsky, muri\u00f3 junto a su adjunto y otras 14 personas en el accidente de un helic\u00f3ptero que se estrell\u00f3 esta madrugada en la ciudad ucraniana de Brovary, en la regi\u00f3n de Kiev, seg\u00fan el jefe de la Polic\u00eda Nacional.<\/p>\n<p>\u00abEsta ma\u00f1ana, el 18 de enero, un helic\u00f3ptero del Servicio de Emergencia se estrell\u00f3 en Brovary. Como consecuencia del accidente a\u00e9reo fallecieron los dirigentes del Ministerio del Interior: el ministro, el viceministro primero y el secretario de Estado\u00bb, dice la nota de la Polic\u00eda.<\/p>\n<p>En total se sabe que murieron 16 personas, incluidos 2 ni\u00f1os. De ellas, nueve iban a bordo del helic\u00f3ptero.<\/p>\n<p>Adem\u00e1s, 22 personas est\u00e1n hospitalizadas, entre ellas 10 ni\u00f1os.<\/p>\n<p>El jefe de la administraci\u00f3n militar regional de Kiev, Oleksiy Kuleba, hab\u00eda informado en un primer momento en su cuenta de Telegram del helic\u00f3ptero estrellado cerca de una guarder\u00eda y un edificio de apartamentos, aunque sin precisar cifras de muertos y heridos.<\/p>\n<p>\u00abEn el momento de la tragedia hab\u00eda ni\u00f1os y empleados de la instituci\u00f3n en la guarder\u00eda. En este momento todo el mundo ha sido evacuado. Hay v\u00edctimas\u00bb, indic\u00f3.<\/p>\n<p>Con informaci\u00f3n de EFE.<\/p>\n","protected":false},"excerpt":{"rendered":"<p>El ministro ucraniano del Interior, Denis Monastyrsky, muri\u00f3 junto a su adjunto y otras 14 personas en el accidente de un helic\u00f3ptero que se estrell\u00f3 esta madrugada en la ciudad ucraniana de Brovary, en la regi\u00f3n de Kiev, seg\u00fan el jefe de la Polic\u00eda Nacional. \u00abEsta ma\u00f1ana, el 18 de enero, un helic\u00f3ptero del Servicio [&hellip;]<\/p>\n","protected":false},"author":19,"featured_media":236527,"comment_status":"closed","ping_status":"closed","sticky":false,"template":"","format":"standard","meta":{"footnotes":""},"categories":[8],"tags":[],"class_list":{"0":"post-236526","1":"post","2":"type-post","3":"status-publish","4":"format-standard","5":"has-post-thumbnail","7":"category-internacionales"},"_links":{"self":[{"href":"https:\/\/elluchador.info\/index.php?rest_route=\/wp\/v2\/posts\/236526","targetHints":{"allow":["GET"]}}],"collection":[{"href":"https:\/\/elluchador.info\/index.php?rest_route=\/wp\/v2\/posts"}],"about":[{"href":"https:\/\/elluchador.info\/index.php?rest_route=\/wp\/v2\/types\/post"}],"author":[{"embeddable":true,"href":"https:\/\/elluchador.info\/index.php?rest_route=\/wp\/v2\/users\/19"}],"replies":[{"embeddable":true,"href":"https:\/\/elluchador.info\/index.php?rest_route=%2Fwp%2Fv2%2Fcomments&post=236526"}],"version-history":[{"count":1,"href":"https:\/\/elluchador.info\/index.php?rest_route=\/wp\/v2\/posts\/236526\/revisions"}],"predecessor-version":[{"id":236528,"href":"https:\/\/elluchador.info\/index.php?rest_route=\/wp\/v2\/posts\/236526\/revisions\/236528"}],"wp:featuredmedia":[{"embeddable":true,"href":"https:\/\/elluchador.info\/index.php?rest_route=\/wp\/v2\/media\/236527"}],"wp:attachment":[{"href":"https:\/\/elluchador.info\/index.php?rest_route=%2Fwp%2Fv2%2Fmedia&parent=236526"}],"wp:term":[{"taxonomy":"category","embeddable":true,"href":"https:\/\/elluchador.info\/index.php?rest_route=%2Fwp%2Fv2%2Fcategories&post=236526"},{"taxonomy":"post_tag","embeddable":true,"href":"https:\/\/elluchador.info\/index.php?rest_route=%2Fwp%2Fv2%2Ftags&post=236526"}],"curies":[{"name":"wp","href":"https:\/\/api.w.org\/{rel}","templated":true}]}}