{"id":236566,"date":"2023-01-19T10:41:12","date_gmt":"2023-01-19T14:41:12","guid":{"rendered":"https:\/\/elluchador.info\/web\/?p=236566"},"modified":"2023-01-19T10:41:12","modified_gmt":"2023-01-19T14:41:12","slug":"paises-miembros-de-caricom-evaluan-reelanzar-petrocaribe","status":"publish","type":"post","link":"https:\/\/elluchador.info\/?p=236566","title":{"rendered":"Pa\u00edses miembros de Caricom eval\u00faan reelanzar PetroCaribe"},"content":{"rendered":"<p>El canciller de Venezuela, Yv\u00e1n Gil, sostuvo un encuentro con los embajadores de los pa\u00edses miembros de la Comunidad del Caribe (Caricom), en el que evaluaron los lineamientos para el relanzamiento del acuerdo regional PetroCaribe, inform\u00f3 este mi\u00e9rcoles el Ministerio de Relaciones Exteriores en un comunicado.<\/p>\n<p>La Canciller\u00eda indic\u00f3 que los funcionarios tambi\u00e9n conversaron sobre el incentivo de proyectos de cooperaci\u00f3n, a trav\u00e9s de instituciones como el Banco de la Alianza Bolivariana para los Pueblos de Nuestra Am\u00e9rica (ALBA).<\/p>\n<p>Asimismo, conversaron sobre la \u00abcooperaci\u00f3n y la solidaridad\u00bb entre Venezuela y los pa\u00edses del Caribe, en temas como la conectividad regional, la seguridad energ\u00e9tica y alimentaria.<\/p>\n<p>PetroCaribe es un acuerdo regional de adquisici\u00f3n de petr\u00f3leo entre Venezuela y varios pa\u00edses del Caribe que se fund\u00f3 en 2005, durante la presidencia de Hugo Ch\u00e1vez.<\/p>\n<p>El programa qued\u00f3 suspendido en 2019 debido a las sanciones estadounidenses a Venezuela y la disminuci\u00f3n de la producci\u00f3n de petr\u00f3leo, entre otras razones.<\/p>\n<p>Sin embargo, en los \u00faltimos meses, varios pa\u00edses del Caribe han indicado que Caracas ha estado ofreciendo nuevos acuerdos petroleros bajo PetroCaribe.<\/p>\n<p>El pasado 13 de diciembre, el Gobierno de Belice negoci\u00f3 una reducci\u00f3n de m\u00e1s de 250 millones de d\u00f3lares en la deuda con Venezuela bajo la iniciativa PetroCaribe.<\/p>\n<p>El primer ministro de Belice, John Brice\u00f1o, inform\u00f3 al Parlamento que esto resultar\u00e1 en una disminuci\u00f3n de entre el 6 y el 7 por ciento en la relaci\u00f3n entre la deuda y el producto interno bruto, seg\u00fan un comunicado oficial.<\/p>\n<blockquote class=\"twitter-tweet\" data-width=\"550\" data-dnt=\"true\">\n<p lang=\"es\" dir=\"ltr\">Agradecido con el encuentro sostenido con los Jefes de Misi\u00f3n del Caribe en Venezuela, sin duda, somos m\u00e1s que vecinos y compartimos los mismos ideales, desaf\u00edos y la necesidad de seguir trabajando de manera conjunta en materia de integraci\u00f3n entre nuestros pueblos. <a href=\"https:\/\/t.co\/2Q9RY8zdHd\">pic.twitter.com\/2Q9RY8zdHd<\/a><\/p>\n<p>&mdash; Yvan Gil (@yvangil) <a href=\"https:\/\/twitter.com\/yvangil\/status\/1615845106292072449?ref_src=twsrc%5Etfw\">January 18, 2023<\/a><\/p><\/blockquote>\n<p><script async src=\"https:\/\/platform.twitter.com\/widgets.js\" charset=\"utf-8\"><\/script><\/p>\n<p>Con informaci\u00f3n de EFE.<\/p>\n","protected":false},"excerpt":{"rendered":"<p>El canciller de Venezuela, Yv\u00e1n Gil, sostuvo un encuentro con los embajadores de los pa\u00edses miembros de la Comunidad del Caribe (Caricom), en el que evaluaron los lineamientos para el relanzamiento del acuerdo regional PetroCaribe, inform\u00f3 este mi\u00e9rcoles el Ministerio de Relaciones Exteriores en un comunicado. La Canciller\u00eda indic\u00f3 que los funcionarios tambi\u00e9n conversaron sobre [&hellip;]<\/p>\n","protected":false},"author":19,"featured_media":236567,"comment_status":"closed","ping_status":"closed","sticky":false,"template":"","format":"standard","meta":{"footnotes":""},"categories":[8],"tags":[],"class_list":{"0":"post-236566","1":"post","2":"type-post","3":"status-publish","4":"format-standard","5":"has-post-thumbnail","7":"category-internacionales"},"_links":{"self":[{"href":"https:\/\/elluchador.info\/index.php?rest_route=\/wp\/v2\/posts\/236566","targetHints":{"allow":["GET"]}}],"collection":[{"href":"https:\/\/elluchador.info\/index.php?rest_route=\/wp\/v2\/posts"}],"about":[{"href":"https:\/\/elluchador.info\/index.php?rest_route=\/wp\/v2\/types\/post"}],"author":[{"embeddable":true,"href":"https:\/\/elluchador.info\/index.php?rest_route=\/wp\/v2\/users\/19"}],"replies":[{"embeddable":true,"href":"https:\/\/elluchador.info\/index.php?rest_route=%2Fwp%2Fv2%2Fcomments&post=236566"}],"version-history":[{"count":1,"href":"https:\/\/elluchador.info\/index.php?rest_route=\/wp\/v2\/posts\/236566\/revisions"}],"predecessor-version":[{"id":236568,"href":"https:\/\/elluchador.info\/index.php?rest_route=\/wp\/v2\/posts\/236566\/revisions\/236568"}],"wp:featuredmedia":[{"embeddable":true,"href":"https:\/\/elluchador.info\/index.php?rest_route=\/wp\/v2\/media\/236567"}],"wp:attachment":[{"href":"https:\/\/elluchador.info\/index.php?rest_route=%2Fwp%2Fv2%2Fmedia&parent=236566"}],"wp:term":[{"taxonomy":"category","embeddable":true,"href":"https:\/\/elluchador.info\/index.php?rest_route=%2Fwp%2Fv2%2Fcategories&post=236566"},{"taxonomy":"post_tag","embeddable":true,"href":"https:\/\/elluchador.info\/index.php?rest_route=%2Fwp%2Fv2%2Ftags&post=236566"}],"curies":[{"name":"wp","href":"https:\/\/api.w.org\/{rel}","templated":true}]}}