{"id":236576,"date":"2023-01-19T11:09:42","date_gmt":"2023-01-19T15:09:42","guid":{"rendered":"https:\/\/elluchador.info\/web\/?p=236576"},"modified":"2023-01-19T11:09:42","modified_gmt":"2023-01-19T15:09:42","slug":"jesus-faria-en-los-proximos-meses-va-a-ver-un-cambio-sustancial-en-las-condiciones-de-vida-de-la-poblacion","status":"publish","type":"post","link":"https:\/\/elluchador.info\/?p=236576","title":{"rendered":"Jes\u00fas Far\u00eda: En los pr\u00f3ximos meses va a ver un cambio sustancial en las condiciones de vida de la poblaci\u00f3n"},"content":{"rendered":"<p>Este jueves el presidente permanente de la Comisi\u00f3n de econom\u00eda, finanzas y desarrollo de la Asamblea Nacional, Jes\u00fas Far\u00eda convers\u00f3 en Primera P\u00e1gina sobre las expectativas econ\u00f3micas para el a\u00f1o 2023, el plan legislativo, la agenda presentada por el Ejecutivo y los salarios.<\/p>\n<p>El diputado manifest\u00f3 que el bloqueo econ\u00f3mico impulsado por Estados Unidos sigue siendo uno de los grandes problemas que tiene el pa\u00eds para su recuperaci\u00f3n econ\u00f3mica, a pesar de que el Gobierno actual est\u00e1 impulsando planes y objetivos optimistas. \u201cSon 900 medidas ilegales de EEUU para presionar a Venezuela e impedirle su crecimiento\u201d.<\/p>\n<p>Far\u00eda destac\u00f3 que \u201clos graves problemas que tuvimos en el pasado los estamos superando y ahora seguimos concretando avances sociales con una econom\u00eda cada vez m\u00e1s s\u00f3lida\u201d, dijo al tiempo que aplaudi\u00f3 las 28 leyes presentadas recientemente en la AN como parte del plan legislativo 2023, las cuales buscan impulsar los temas econ\u00f3micos y sociales.<\/p>\n<p>\u201cLa AN est\u00e1 enfocada en las tareas m\u00e1s importantes del desarrollo nacional por ejemplo, el tema de la producci\u00f3n. El salario por su parte, es uno de los temas m\u00e1s cr\u00edticos y es obvio que los salarios no son suficientes para la poblaci\u00f3n\u201d, aunque Far\u00eda manifest\u00f3 que es necesario que para resolver este problema se conozcan las razones.<\/p>\n<p>El parlamentario expres\u00f3 que la \u00fanica responsabilidad que tiene el Ejecutivo en cuanto a los salarios \u201ces desarrollar una pol\u00edtica en funci\u00f3n de los intereses del pueblo, que lamentablemente choca con las acciones de Estados Unidos que no permite que ning\u00fan pa\u00eds pueda desarrollarse independientemente\u201d, dijo.<\/p>\n<p>\u201cHay sectores que se aprovechan de esta situaci\u00f3n para manipular al pueblo, \u00bft\u00fa has visto una variable que afecte tanto al pueblo como la del salario? \u201c, cuestion\u00f3 y agreg\u00f3 que \u201cen los pr\u00f3ximos meses va a ver un cambio sustancial en las condiciones de vida de la poblaci\u00f3n y desarrollo del pa\u00eds, porque el a\u00f1o pasado se evidenci\u00f3 una fortaleza en la econom\u00eda\u201d.<\/p>\n<p>Argument\u00f3 que para que este cambio ocurriera se necesitaban dos condiciones, \u201cuna econom\u00eda creciente y estable, y un gobierno socialista que beneficie al pueblo, los recursos est\u00e1n creciendo y la \u00fanica posibilidad que tiene el pueblo para salir de este escenario complicado es mantenerse en ese gobierno\u201d.<\/p>\n<p>Con informaci\u00f3n de www.globovision.com<\/p>\n","protected":false},"excerpt":{"rendered":"<p>Este jueves el presidente permanente de la Comisi\u00f3n de econom\u00eda, finanzas y desarrollo de la Asamblea Nacional, Jes\u00fas Far\u00eda convers\u00f3 en Primera P\u00e1gina sobre las expectativas econ\u00f3micas para el a\u00f1o 2023, el plan legislativo, la agenda presentada por el Ejecutivo y los salarios. El diputado manifest\u00f3 que el bloqueo econ\u00f3mico impulsado por Estados Unidos sigue [&hellip;]<\/p>\n","protected":false},"author":19,"featured_media":236577,"comment_status":"closed","ping_status":"closed","sticky":false,"template":"","format":"standard","meta":{"footnotes":""},"categories":[6],"tags":[],"class_list":{"0":"post-236576","1":"post","2":"type-post","3":"status-publish","4":"format-standard","5":"has-post-thumbnail","7":"category-economia"},"_links":{"self":[{"href":"https:\/\/elluchador.info\/index.php?rest_route=\/wp\/v2\/posts\/236576","targetHints":{"allow":["GET"]}}],"collection":[{"href":"https:\/\/elluchador.info\/index.php?rest_route=\/wp\/v2\/posts"}],"about":[{"href":"https:\/\/elluchador.info\/index.php?rest_route=\/wp\/v2\/types\/post"}],"author":[{"embeddable":true,"href":"https:\/\/elluchador.info\/index.php?rest_route=\/wp\/v2\/users\/19"}],"replies":[{"embeddable":true,"href":"https:\/\/elluchador.info\/index.php?rest_route=%2Fwp%2Fv2%2Fcomments&post=236576"}],"version-history":[{"count":1,"href":"https:\/\/elluchador.info\/index.php?rest_route=\/wp\/v2\/posts\/236576\/revisions"}],"predecessor-version":[{"id":236578,"href":"https:\/\/elluchador.info\/index.php?rest_route=\/wp\/v2\/posts\/236576\/revisions\/236578"}],"wp:featuredmedia":[{"embeddable":true,"href":"https:\/\/elluchador.info\/index.php?rest_route=\/wp\/v2\/media\/236577"}],"wp:attachment":[{"href":"https:\/\/elluchador.info\/index.php?rest_route=%2Fwp%2Fv2%2Fmedia&parent=236576"}],"wp:term":[{"taxonomy":"category","embeddable":true,"href":"https:\/\/elluchador.info\/index.php?rest_route=%2Fwp%2Fv2%2Fcategories&post=236576"},{"taxonomy":"post_tag","embeddable":true,"href":"https:\/\/elluchador.info\/index.php?rest_route=%2Fwp%2Fv2%2Ftags&post=236576"}],"curies":[{"name":"wp","href":"https:\/\/api.w.org\/{rel}","templated":true}]}}