{"id":236579,"date":"2023-01-19T11:18:26","date_gmt":"2023-01-19T15:18:26","guid":{"rendered":"https:\/\/elluchador.info\/web\/?p=236579"},"modified":"2023-01-19T11:18:26","modified_gmt":"2023-01-19T15:18:26","slug":"fedeindustria-acordo-alianza-con-camara-colombiana-del-acero","status":"publish","type":"post","link":"https:\/\/elluchador.info\/?p=236579","title":{"rendered":"Fedeindustria acord\u00f3 alianza con C\u00e1mara Colombiana del Acero"},"content":{"rendered":"<p>Fedeindustria Bol\u00edvar firm\u00f3 esta semana una alianza institucional con la C\u00e1mara Colombiana del Acero (Camacero) as\u00ed lo inform\u00f3 la federaci\u00f3n a trav\u00e9s de las redes sociales, donde el objetivo fundamental ser\u00e1 unir los esfuerzos de ambos mercados e instituciones gremiales.<\/p>\n<p>El presidente de Fedeindustria Bol\u00edvar, Tom\u00e1s Guerra, destac\u00f3 el inter\u00e9s que Venezuela despierta en los inversionistas y empresarios extranjeros y explorar oportunidades de negocios y de crecimiento; adem\u00e1s de compartir conocimiento especializado entre las mismas.<\/p>\n<p>\u201cEs importante dar nuestro grano de arena como gremio empresarial y cumplir con nuestra verdadera funci\u00f3n: trabajar en pro de la econom\u00eda\u201d, afirm\u00f3 con orgullo.<\/p>\n<p>Luego de la firma del convenio que ratifica la hermandad entre ambos pa\u00edses, Guerra especialmente hizo un llamado de uni\u00f3n al sector metalmec\u00e1nico de Venezuela, el cual suplir\u00eda las \u201cfallas de inventario\u201d en Colombia y recibir\u00eda lo mismo a cambio de parte de este aliado.<\/p>\n<blockquote class=\"twitter-tweet\" data-width=\"550\" data-dnt=\"true\">\n<p lang=\"es\" dir=\"ltr\">Seguimos en Bogot\u00e1 , hoy visitando empresas metalmecanicas producto de la alianza con La C\u00e1mara del Acero de Colombia . <br \/>Visitando la empresa *Soluciones de Acero*  acompa\u00f1ado por su Presidente Gonzalo Montoya<br \/>Seguimos<a href=\"https:\/\/twitter.com\/fedeindustria?ref_src=twsrc%5Etfw\">@fedeindustria<\/a> <a href=\"https:\/\/twitter.com\/CamaraMedellin?ref_src=twsrc%5Etfw\">@CamaraMedellin<\/a> <a href=\"https:\/\/twitter.com\/amarcanopsuv?ref_src=twsrc%5Etfw\">@amarcanopsuv<\/a> <a href=\"https:\/\/twitter.com\/HoracioAlarcon?ref_src=twsrc%5Etfw\">@HoracioAlarcon<\/a> <a href=\"https:\/\/t.co\/zJZCFcqK5f\">pic.twitter.com\/zJZCFcqK5f<\/a><\/p>\n<p>&mdash; FedeindustriaBol\u00edvar (@FedeindustriaBO) <a href=\"https:\/\/twitter.com\/FedeindustriaBO\/status\/1615760671148486657?ref_src=twsrc%5Etfw\">January 18, 2023<\/a><\/p><\/blockquote>\n<p><script async src=\"https:\/\/platform.twitter.com\/widgets.js\" charset=\"utf-8\"><\/script><\/p>\n<p>Con informaci\u00f3n de www.globovision.com<\/p>\n","protected":false},"excerpt":{"rendered":"<p>Fedeindustria Bol\u00edvar firm\u00f3 esta semana una alianza institucional con la C\u00e1mara Colombiana del Acero (Camacero) as\u00ed lo inform\u00f3 la federaci\u00f3n a trav\u00e9s de las redes sociales, donde el objetivo fundamental ser\u00e1 unir los esfuerzos de ambos mercados e instituciones gremiales. El presidente de Fedeindustria Bol\u00edvar, Tom\u00e1s Guerra, destac\u00f3 el inter\u00e9s que Venezuela despierta en los [&hellip;]<\/p>\n","protected":false},"author":19,"featured_media":236580,"comment_status":"closed","ping_status":"closed","sticky":false,"template":"","format":"standard","meta":{"footnotes":""},"categories":[6],"tags":[],"class_list":{"0":"post-236579","1":"post","2":"type-post","3":"status-publish","4":"format-standard","5":"has-post-thumbnail","7":"category-economia"},"_links":{"self":[{"href":"https:\/\/elluchador.info\/index.php?rest_route=\/wp\/v2\/posts\/236579","targetHints":{"allow":["GET"]}}],"collection":[{"href":"https:\/\/elluchador.info\/index.php?rest_route=\/wp\/v2\/posts"}],"about":[{"href":"https:\/\/elluchador.info\/index.php?rest_route=\/wp\/v2\/types\/post"}],"author":[{"embeddable":true,"href":"https:\/\/elluchador.info\/index.php?rest_route=\/wp\/v2\/users\/19"}],"replies":[{"embeddable":true,"href":"https:\/\/elluchador.info\/index.php?rest_route=%2Fwp%2Fv2%2Fcomments&post=236579"}],"version-history":[{"count":1,"href":"https:\/\/elluchador.info\/index.php?rest_route=\/wp\/v2\/posts\/236579\/revisions"}],"predecessor-version":[{"id":236581,"href":"https:\/\/elluchador.info\/index.php?rest_route=\/wp\/v2\/posts\/236579\/revisions\/236581"}],"wp:featuredmedia":[{"embeddable":true,"href":"https:\/\/elluchador.info\/index.php?rest_route=\/wp\/v2\/media\/236580"}],"wp:attachment":[{"href":"https:\/\/elluchador.info\/index.php?rest_route=%2Fwp%2Fv2%2Fmedia&parent=236579"}],"wp:term":[{"taxonomy":"category","embeddable":true,"href":"https:\/\/elluchador.info\/index.php?rest_route=%2Fwp%2Fv2%2Fcategories&post=236579"},{"taxonomy":"post_tag","embeddable":true,"href":"https:\/\/elluchador.info\/index.php?rest_route=%2Fwp%2Fv2%2Ftags&post=236579"}],"curies":[{"name":"wp","href":"https:\/\/api.w.org\/{rel}","templated":true}]}}