{"id":236588,"date":"2023-01-19T11:49:10","date_gmt":"2023-01-19T15:49:10","guid":{"rendered":"https:\/\/elluchador.info\/web\/?p=236588"},"modified":"2023-01-19T11:49:10","modified_gmt":"2023-01-19T15:49:10","slug":"venezuela-vuelve-a-ser-sede-de-copa-davis","status":"publish","type":"post","link":"https:\/\/elluchador.info\/?p=236588","title":{"rendered":"Venezuela vuelve a ser sede de Copa Davis"},"content":{"rendered":"<p>Venezuela volver\u00e1 a ser sede de la Copa Davis para los pr\u00f3ximos 3 y 4 de febrero de 2023, donde la Vinotinto se enfrentar\u00e1 al combinado de Hong Kong en el Centro Nacional de Tenis de Puerto Cabello.<\/p>\n<p>De esta manera se acaba la sequ\u00eda de seis a\u00f1os en los que Venezuela no pudo recibir un encuentro de la importante competencia de Tenis.<\/p>\n<p>La informaci\u00f3n la dio a conocer el gobernador del estado Carabobo, Rafael Lacava, durante una rueda de prensa realizada en el Aeropuerto Internacional Arturo Michelena de Valencia. Durante la actividad estuvo acompa\u00f1ado por el miembro de la Federaci\u00f3n Internacional de Tenis (ITF), Carlos Bravo, y el miembro de la Confederaci\u00f3n Suramericana de Tenis (Cosat), David Samudio.<\/p>\n<p>\u201cEl torneo Dr\u00e1cula Open, nos ha permitido mostrar la capacidad organizativa para que el tenis pueda volver a competir a nivel internacional en una sede nacional\u201d, dijo Lacava.<\/p>\n<p>De acuerdo con las autoridades, el permiso para recibir a la Copa Davis se debe gracias al trabajo en conjunto por el Comit\u00e9 Ol\u00edmpico Venezolano (COV), la Federaci\u00f3n Venezolana de Tenis y el Ministerio del Poder Popular para el Deporte.<\/p>\n<p>Para este encuentro Play Off del Grupo II Mundial de Copa Davis se tiene prevista la participaci\u00f3n de cinco jugadores convocados por el COV, adem\u00e1s del capit\u00e1n del equipo. Los representantes vinotinto ser\u00e1n el capit\u00e1n Willy Campos, Ricardo Rodr\u00edguez, Brandon P\u00e9rez, Rafael Abdul, Francisco Sinopoli y Diego Gonz\u00e1lez.<\/p>\n<p>\u201cEstoy muy contento y motivado por esta serie que ser\u00e1 en Puerto Cabello, vamos a jugar contra la selecci\u00f3n de Hong Kong. Vamos a tratar de dejar nuestro pa\u00eds en alto, saludos\u201d, dijo Sinopoli al departamento de prensa del COV.<\/p>\n<p>Con informaci\u00f3n de www.liderendeportes.com<\/p>\n","protected":false},"excerpt":{"rendered":"<p>Venezuela volver\u00e1 a ser sede de la Copa Davis para los pr\u00f3ximos 3 y 4 de febrero de 2023, donde la Vinotinto se enfrentar\u00e1 al combinado de Hong Kong en el Centro Nacional de Tenis de Puerto Cabello. De esta manera se acaba la sequ\u00eda de seis a\u00f1os en los que Venezuela no pudo recibir [&hellip;]<\/p>\n","protected":false},"author":19,"featured_media":236589,"comment_status":"closed","ping_status":"closed","sticky":false,"template":"","format":"standard","meta":{"footnotes":""},"categories":[1,4],"tags":[],"class_list":{"0":"post-236588","1":"post","2":"type-post","3":"status-publish","4":"format-standard","5":"has-post-thumbnail","7":"category-deporte","8":"category-deportes"},"_links":{"self":[{"href":"https:\/\/elluchador.info\/index.php?rest_route=\/wp\/v2\/posts\/236588","targetHints":{"allow":["GET"]}}],"collection":[{"href":"https:\/\/elluchador.info\/index.php?rest_route=\/wp\/v2\/posts"}],"about":[{"href":"https:\/\/elluchador.info\/index.php?rest_route=\/wp\/v2\/types\/post"}],"author":[{"embeddable":true,"href":"https:\/\/elluchador.info\/index.php?rest_route=\/wp\/v2\/users\/19"}],"replies":[{"embeddable":true,"href":"https:\/\/elluchador.info\/index.php?rest_route=%2Fwp%2Fv2%2Fcomments&post=236588"}],"version-history":[{"count":1,"href":"https:\/\/elluchador.info\/index.php?rest_route=\/wp\/v2\/posts\/236588\/revisions"}],"predecessor-version":[{"id":236590,"href":"https:\/\/elluchador.info\/index.php?rest_route=\/wp\/v2\/posts\/236588\/revisions\/236590"}],"wp:featuredmedia":[{"embeddable":true,"href":"https:\/\/elluchador.info\/index.php?rest_route=\/wp\/v2\/media\/236589"}],"wp:attachment":[{"href":"https:\/\/elluchador.info\/index.php?rest_route=%2Fwp%2Fv2%2Fmedia&parent=236588"}],"wp:term":[{"taxonomy":"category","embeddable":true,"href":"https:\/\/elluchador.info\/index.php?rest_route=%2Fwp%2Fv2%2Fcategories&post=236588"},{"taxonomy":"post_tag","embeddable":true,"href":"https:\/\/elluchador.info\/index.php?rest_route=%2Fwp%2Fv2%2Ftags&post=236588"}],"curies":[{"name":"wp","href":"https:\/\/api.w.org\/{rel}","templated":true}]}}