{"id":236611,"date":"2023-01-19T13:43:38","date_gmt":"2023-01-19T17:43:38","guid":{"rendered":"https:\/\/elluchador.info\/web\/?p=236611"},"modified":"2023-01-19T13:43:38","modified_gmt":"2023-01-19T17:43:38","slug":"rosalia-se-sube-al-escenario-en-el-desfile-de-louis-vuitton","status":"publish","type":"post","link":"https:\/\/elluchador.info\/?p=236611","title":{"rendered":"Rosal\u00eda se sube al escenario en el desfile de Louis Vuitton"},"content":{"rendered":"<p>Rosal\u00eda coprotagoniz\u00f3 este jueves el desfile de Louis Vuitton en Par\u00eds; donde la marca present\u00f3 su colecci\u00f3n masculina . Tambi\u00e9n cont\u00f3 con la cantante en una actuaci\u00f3n que acapar\u00f3 toda la atenci\u00f3n de esta Semana de la Moda hombre.<\/p>\n<p>Vestida con un anorak talla grande y unos pantalones tipo cargo, la cantante (San Cugat del Vall\u00e9s, 1992) recuper\u00f3 sobre la pasarela algunos de los \u00e9xitos de su \u00faltimo disco, \u00abMotomami\u00bb.<\/p>\n<p>\u00abDespech\u00e1\u00bb, \u00abSaoko\u00bb y \u00abCandy\u00bb pusieron ritmo al desfile, en el que se vieron medio centenar de estilismos masculinos.<\/p>\n<p>La cantante actu\u00f3 subida sobre un coche, al m\u00e1s puro estilo \u00abMotomami\u00bb y entre los modelos, que en alguna ocasi\u00f3n no pudieron evitar bailar al ritmo de la artista.<\/p>\n<p>Una actuaci\u00f3n que mantuvo al p\u00fablico entusiasmado, aplaudiendo y grabando un espect\u00e1culo inesperado, y sobre el que la firma y la cantante no comunicaron nada hasta la noche anterior al desfile.<\/p>\n<p>El espect\u00e1culo tuvo lugar en una instalaci\u00f3n ef\u00edmera dentro del parisino Museo del Louvre, donde la marca recre\u00f3 las habitaciones de una casa, desde una habitaci\u00f3n de hospital -como lugar de nacimiento- pasando por la habitaci\u00f3n de juegos y un sal\u00f3n.<\/p>\n<p>El decorado sirvi\u00f3 de escenario a Rosal\u00eda que cant\u00f3 paseando junto a los modelos, sentada en un sof\u00e1 y por \u00faltimo junto al equipo creativo de la marca, m\u00e1s de una treintena de dise\u00f1adores que trabajaban hasta 2021 con Virgil Abloh, \u00faltimo director creativo de la marca.<\/p>\n<p>Abloh falleci\u00f3 en 2021 con 41 a\u00f1os, v\u00edctima de un tipo de c\u00e1ncer raro y fulminante. Desde entonces, la marca emblema del conglomerado LVMH ha preferido mantener al an\u00f3nimo equipo de dise\u00f1o al frente de la colecci\u00f3n hombre, sin una cabeza reconocible.<\/p>\n<p>Con informaci\u00f3n de unionradio.net<\/p>\n","protected":false},"excerpt":{"rendered":"<p>Rosal\u00eda coprotagoniz\u00f3 este jueves el desfile de Louis Vuitton en Par\u00eds; donde la marca present\u00f3 su colecci\u00f3n masculina . Tambi\u00e9n cont\u00f3 con la cantante en una actuaci\u00f3n que acapar\u00f3 toda la atenci\u00f3n de esta Semana de la Moda hombre. Vestida con un anorak talla grande y unos pantalones tipo cargo, la cantante (San Cugat del [&hellip;]<\/p>\n","protected":false},"author":19,"featured_media":236612,"comment_status":"closed","ping_status":"closed","sticky":false,"template":"","format":"standard","meta":{"footnotes":""},"categories":[7],"tags":[],"class_list":{"0":"post-236611","1":"post","2":"type-post","3":"status-publish","4":"format-standard","5":"has-post-thumbnail","7":"category-entretenimiento"},"_links":{"self":[{"href":"https:\/\/elluchador.info\/index.php?rest_route=\/wp\/v2\/posts\/236611","targetHints":{"allow":["GET"]}}],"collection":[{"href":"https:\/\/elluchador.info\/index.php?rest_route=\/wp\/v2\/posts"}],"about":[{"href":"https:\/\/elluchador.info\/index.php?rest_route=\/wp\/v2\/types\/post"}],"author":[{"embeddable":true,"href":"https:\/\/elluchador.info\/index.php?rest_route=\/wp\/v2\/users\/19"}],"replies":[{"embeddable":true,"href":"https:\/\/elluchador.info\/index.php?rest_route=%2Fwp%2Fv2%2Fcomments&post=236611"}],"version-history":[{"count":1,"href":"https:\/\/elluchador.info\/index.php?rest_route=\/wp\/v2\/posts\/236611\/revisions"}],"predecessor-version":[{"id":236613,"href":"https:\/\/elluchador.info\/index.php?rest_route=\/wp\/v2\/posts\/236611\/revisions\/236613"}],"wp:featuredmedia":[{"embeddable":true,"href":"https:\/\/elluchador.info\/index.php?rest_route=\/wp\/v2\/media\/236612"}],"wp:attachment":[{"href":"https:\/\/elluchador.info\/index.php?rest_route=%2Fwp%2Fv2%2Fmedia&parent=236611"}],"wp:term":[{"taxonomy":"category","embeddable":true,"href":"https:\/\/elluchador.info\/index.php?rest_route=%2Fwp%2Fv2%2Fcategories&post=236611"},{"taxonomy":"post_tag","embeddable":true,"href":"https:\/\/elluchador.info\/index.php?rest_route=%2Fwp%2Fv2%2Ftags&post=236611"}],"curies":[{"name":"wp","href":"https:\/\/api.w.org\/{rel}","templated":true}]}}