{"id":236637,"date":"2023-01-19T14:29:31","date_gmt":"2023-01-19T18:29:31","guid":{"rendered":"https:\/\/elluchador.info\/web\/?p=236637"},"modified":"2023-01-19T14:29:31","modified_gmt":"2023-01-19T18:29:31","slug":"primera-ministra-de-nueva-zelanda-anuncia-inesperada-renuncia-al-cargo","status":"publish","type":"post","link":"https:\/\/elluchador.info\/?p=236637","title":{"rendered":"Primera ministra de Nueva Zelanda anuncia inesperada renuncia al cargo"},"content":{"rendered":"<p>La primera ministra de Nueva Zelanda, Jacinda Ardern, un \u00edcono mundial de pol\u00edticas progresistas, sorprendi\u00f3 al pa\u00eds al anunciar que renunciar\u00e1 al cargo en pocas semanas.<\/p>\n<p>La l\u00edder de 42 a\u00f1os, quien condujo al pa\u00eds por desastres naturales, la pandemia del Covid-19 y su peor ataque terrorista, dijo que ya no tiene \u00abla energ\u00eda\u00bb para seguir.<\/p>\n<p>\u00abSoy humana. Le damos todo lo que podemos mientras podemos hasta que llega la hora. Para m\u00ed ya es hora\u00bb, declar\u00f3 en un encuentro con miembros de su Partido Laborista.<\/p>\n<p>\u00abYa no tengo energ\u00eda para otros cuatro a\u00f1os\u00bb, agreg\u00f3, se\u00f1alando que dejar\u00e1 el cargo a m\u00e1s tardar el 7 de febrero.<\/p>\n<p>Ardern lleg\u00f3 al poder en 2017 con un gobierno de coalici\u00f3n y luego condujo a su partido de centro-izquierda a una amplia victoria en las elecciones de 2020.<\/p>\n<p>Durante su mandato, fue elogiada por su respuesta al ataque terrorista contra dos mezquitas musulmanas y a la pandemia del covid-19, y se convirti\u00f3 en la segunda l\u00edder mundial en dar a luz estando en el cargo.<\/p>\n<p>Pero su respaldo popular, a menudo citado como \u00abJacindaman\u00eda\u00bb, ha ca\u00eddo en las \u00faltimas encuestas ante la creciente inflaci\u00f3n y el temor a un aumento en los \u00edndices de criminalidad.<\/p>\n<p>En su primera aparici\u00f3n p\u00fablica desde que el Parlamento entr\u00f3 en receso en diciembre, dijo en el encuentro anual de los laboristas que esperaba encontrar la energ\u00eda para continuar como l\u00edder, \u00abpero no lo he podido hacer\u00bb.<\/p>\n<p>Elecciones en octubre<\/p>\n<p>Tambi\u00e9n anunci\u00f3 que la pr\u00f3xima elecci\u00f3n general se celebrar\u00e1 el 14 de octubre y que hasta entonces continuar\u00e1 como miembro del Parlamento.<\/p>\n<p>La gobernante dijo el jueves estar orgullosa de las acciones de su gobierno para hacer m\u00e1s asequibles las viviendas, enfrentar el cambio clim\u00e1tico y la pobreza infantil.<\/p>\n<p>\u00abY lo hicimos mientras respond\u00edamos a algunas de las mayores amenazas a la salud y el bienestar econ\u00f3mico de nuestro pa\u00eds desde la Segunda Guerra Mundial\u00bb, asegur\u00f3.<\/p>\n<p>Aunque las \u00faltimas encuestas indican que una coalici\u00f3n de los partidos de centroderecha National y Act ganar\u00e1n los comicios, Ardern asegur\u00f3 que ese no es el motivo de su renuncia.<\/p>\n<p>\u00abNo me voy porque crea que no podemos ganar la pr\u00f3xima elecci\u00f3n, sino porque creo que podemos (ganar) y lo haremos\u00bb, afirm\u00f3 en la reuni\u00f3n en Napier, en la costa este del pa\u00eds.<\/p>\n<p>\u00abYa era hora. Ella da\u00f1\u00f3 la econom\u00eda y los precios de alimentos se han disparado\u00bb, expres\u00f3 Esther Hedges de 65 a\u00f1os, residente de la localidad de Cambridge, en la isla norte del pa\u00eds.<\/p>\n<p>Pero Cristina Sayer, de 38 a\u00f1os, consider\u00f3 que Ardern ha sido \u00abla mejor primera ministra que hemos tenido\u00bb.<\/p>\n<p>\u00abMe gusta el tipo de persona que ella es, se preocupa por la gente. Lamento verla partir\u00bb, agreg\u00f3.<\/p>\n<p>Ardern indic\u00f3 que la bancada laborista escoger\u00e1 un nuevo l\u00edder en tres d\u00edas despu\u00e9s de que deje el puesto.<\/p>\n<p>El viceprimer ministro, Grant Robertson, dijo que no postular\u00e1 al cargo.<\/p>\n<p>Ardern asegur\u00f3 que no hay ning\u00fan secreto detr\u00e1s de su renuncia.<\/p>\n<p>\u00abMe voy porque con un trabajo tan privilegiado hay una gran responsabilidad, la responsabilidad de saber cu\u00e1ndo eres la persona indicada para liderar y cu\u00e1ndo no\u00bb, sostuvo.<\/p>\n<p>El primer ministro australiano, Anthony Albanese, elogi\u00f3 a Ardern como una l\u00edder que \u00abmostr\u00f3 al mundo c\u00f3mo dirigir con intelecto y fuerza\u00bb.<\/p>\n<p>Sostuvo que ella demostr\u00f3 que la empat\u00eda y la perspicacia \u00abson poderosas cualidades de liderazgo\u00bb.<\/p>\n<p>El partido de Ardern ha enfrentado una p\u00e9rdida de confianza en el gobierno, una situaci\u00f3n econ\u00f3mica declinante y un resurgimiento de la oposici\u00f3n conservadora.<\/p>\n<p>El estr\u00e9s ha sido evidente recientemente, cuando Ardern tuvo una rara p\u00e9rdida de compostura el mes pasado al ser captada en un micr\u00f3fono cuando se refiri\u00f3 a un pol\u00edtico opositor como un \u00abest\u00fapido arrogante\u00bb.<\/p>\n<p>Con informaci\u00f3n de www.eluniversal.com<\/p>\n","protected":false},"excerpt":{"rendered":"<p>La primera ministra de Nueva Zelanda, Jacinda Ardern, un \u00edcono mundial de pol\u00edticas progresistas, sorprendi\u00f3 al pa\u00eds al anunciar que renunciar\u00e1 al cargo en pocas semanas. La l\u00edder de 42 a\u00f1os, quien condujo al pa\u00eds por desastres naturales, la pandemia del Covid-19 y su peor ataque terrorista, dijo que ya no tiene \u00abla energ\u00eda\u00bb para [&hellip;]<\/p>\n","protected":false},"author":19,"featured_media":236639,"comment_status":"closed","ping_status":"closed","sticky":false,"template":"","format":"standard","meta":{"footnotes":""},"categories":[8],"tags":[],"class_list":{"0":"post-236637","1":"post","2":"type-post","3":"status-publish","4":"format-standard","5":"has-post-thumbnail","7":"category-internacionales"},"_links":{"self":[{"href":"https:\/\/elluchador.info\/index.php?rest_route=\/wp\/v2\/posts\/236637","targetHints":{"allow":["GET"]}}],"collection":[{"href":"https:\/\/elluchador.info\/index.php?rest_route=\/wp\/v2\/posts"}],"about":[{"href":"https:\/\/elluchador.info\/index.php?rest_route=\/wp\/v2\/types\/post"}],"author":[{"embeddable":true,"href":"https:\/\/elluchador.info\/index.php?rest_route=\/wp\/v2\/users\/19"}],"replies":[{"embeddable":true,"href":"https:\/\/elluchador.info\/index.php?rest_route=%2Fwp%2Fv2%2Fcomments&post=236637"}],"version-history":[{"count":1,"href":"https:\/\/elluchador.info\/index.php?rest_route=\/wp\/v2\/posts\/236637\/revisions"}],"predecessor-version":[{"id":236640,"href":"https:\/\/elluchador.info\/index.php?rest_route=\/wp\/v2\/posts\/236637\/revisions\/236640"}],"wp:featuredmedia":[{"embeddable":true,"href":"https:\/\/elluchador.info\/index.php?rest_route=\/wp\/v2\/media\/236639"}],"wp:attachment":[{"href":"https:\/\/elluchador.info\/index.php?rest_route=%2Fwp%2Fv2%2Fmedia&parent=236637"}],"wp:term":[{"taxonomy":"category","embeddable":true,"href":"https:\/\/elluchador.info\/index.php?rest_route=%2Fwp%2Fv2%2Fcategories&post=236637"},{"taxonomy":"post_tag","embeddable":true,"href":"https:\/\/elluchador.info\/index.php?rest_route=%2Fwp%2Fv2%2Ftags&post=236637"}],"curies":[{"name":"wp","href":"https:\/\/api.w.org\/{rel}","templated":true}]}}