{"id":236644,"date":"2023-01-19T14:39:39","date_gmt":"2023-01-19T18:39:39","guid":{"rendered":"https:\/\/elluchador.info\/web\/?p=236644"},"modified":"2023-01-19T14:39:39","modified_gmt":"2023-01-19T18:39:39","slug":"con-diez-anos-de-retraso-la-ucv-convoco-eleccion-de-autoridades","status":"publish","type":"post","link":"https:\/\/elluchador.info\/?p=236644","title":{"rendered":"Con diez a\u00f1os de retraso la UCV convoc\u00f3 elecci\u00f3n de autoridades"},"content":{"rendered":"<p>Caracas. Tras quince a\u00f1os sin elecciones, la Universidad Central de Venezuela (UCV) renovar\u00e1 sus autoridades rectorales en un proceso comicial que tendr\u00e1 una primera vuelta el pr\u00f3ximo 26 de mayo.<\/p>\n<p>La informaci\u00f3n fue suministrada por la rectora de la UCV, Cecilia Garc\u00eda Arocha, quien afirm\u00f3 que la decisi\u00f3n fue tomada por unanimidad por el Consejo Universitario.<\/p>\n<p>Dicha instancia dispuso adem\u00e1s realizar el mismo 26 de mayo las elecciones de decanos y de los representantes profesorales al cogobierno universitario.<\/p>\n<p>De ser necesaria, se realizar\u00eda una segunda vuelta electoral el d\u00eda 2 de junio.<\/p>\n<p>Las autoridades actuales de la UCV ocupan sus cargos desde el a\u00f1o 2008, a pesar de que legalmente sus respectivos per\u00edodos vencieron en 2012, por lo que se han saltado tres elecciones.<\/p>\n<p>En 2019, el Tribunal Supremo de Justicia orden\u00f3 la celebraci\u00f3n de elecciones en la UCV bajo un r\u00e9gimen transitorio que suspende cautelarmente varios art\u00edculos de la Ley de Universidades, y establece un sistema de votaci\u00f3n por sectores: profesores, estudiantes, egresados, personal administrativo, y personal obrero.<\/p>\n<p>Con informaci\u00f3n de ultimasnoticias.com.ve<\/p>\n","protected":false},"excerpt":{"rendered":"<p>Caracas. Tras quince a\u00f1os sin elecciones, la Universidad Central de Venezuela (UCV) renovar\u00e1 sus autoridades rectorales en un proceso comicial que tendr\u00e1 una primera vuelta el pr\u00f3ximo 26 de mayo. La informaci\u00f3n fue suministrada por la rectora de la UCV, Cecilia Garc\u00eda Arocha, quien afirm\u00f3 que la decisi\u00f3n fue tomada por unanimidad por el Consejo [&hellip;]<\/p>\n","protected":false},"author":19,"featured_media":236645,"comment_status":"closed","ping_status":"closed","sticky":false,"template":"","format":"standard","meta":{"footnotes":""},"categories":[9],"tags":[],"class_list":{"0":"post-236644","1":"post","2":"type-post","3":"status-publish","4":"format-standard","5":"has-post-thumbnail","7":"category-nacionales"},"_links":{"self":[{"href":"https:\/\/elluchador.info\/index.php?rest_route=\/wp\/v2\/posts\/236644","targetHints":{"allow":["GET"]}}],"collection":[{"href":"https:\/\/elluchador.info\/index.php?rest_route=\/wp\/v2\/posts"}],"about":[{"href":"https:\/\/elluchador.info\/index.php?rest_route=\/wp\/v2\/types\/post"}],"author":[{"embeddable":true,"href":"https:\/\/elluchador.info\/index.php?rest_route=\/wp\/v2\/users\/19"}],"replies":[{"embeddable":true,"href":"https:\/\/elluchador.info\/index.php?rest_route=%2Fwp%2Fv2%2Fcomments&post=236644"}],"version-history":[{"count":1,"href":"https:\/\/elluchador.info\/index.php?rest_route=\/wp\/v2\/posts\/236644\/revisions"}],"predecessor-version":[{"id":236646,"href":"https:\/\/elluchador.info\/index.php?rest_route=\/wp\/v2\/posts\/236644\/revisions\/236646"}],"wp:featuredmedia":[{"embeddable":true,"href":"https:\/\/elluchador.info\/index.php?rest_route=\/wp\/v2\/media\/236645"}],"wp:attachment":[{"href":"https:\/\/elluchador.info\/index.php?rest_route=%2Fwp%2Fv2%2Fmedia&parent=236644"}],"wp:term":[{"taxonomy":"category","embeddable":true,"href":"https:\/\/elluchador.info\/index.php?rest_route=%2Fwp%2Fv2%2Fcategories&post=236644"},{"taxonomy":"post_tag","embeddable":true,"href":"https:\/\/elluchador.info\/index.php?rest_route=%2Fwp%2Fv2%2Ftags&post=236644"}],"curies":[{"name":"wp","href":"https:\/\/api.w.org\/{rel}","templated":true}]}}